{"id":96927,"date":"2019-05-28T16:32:13","date_gmt":"2019-05-28T19:32:13","guid":{"rendered":"http:\/\/www.caririemacao.com\/1\/?p=96927"},"modified":"2019-05-28T16:32:13","modified_gmt":"2019-05-28T19:32:13","slug":"entidades-anunciam-r-1-bilhao-em-investimentos-para-o-nordeste","status":"publish","type":"post","link":"https:\/\/www.caririemacao.com\/1\/2019\/05\/28\/entidades-anunciam-r-1-bilhao-em-investimentos-para-o-nordeste\/","title":{"rendered":"Entidades anunciam R$ 1 bilh\u00e3o em investimentos para o Nordeste"},"content":{"rendered":"\n<p>Entidades empresariais apresentaram hoje (28) ao presidente Jair Bolsonaro, em Bras\u00edlia, uma proposta de trabalho, com investimentos de R$ 1 bilh\u00e3o para a recupera\u00e7\u00e3o econ\u00f4mica e o desenvolvimento de pequenas cidades do Nordeste.<br><\/p>\n\n\n\n<p>Os presidentes de diversas confedera\u00e7\u00f5es foram recebidos no Pal\u00e1cio do Planalto.&nbsp;Segundo o presidente da Confedera\u00e7\u00e3o Nacional da Agricultura e Pecu\u00e1ria do Brasil (CNA), Jo\u00e3o Martins, as confedera\u00e7\u00f5es, pela maneira com que trabalham, podem fazer uma a\u00e7\u00e3o para melhorar um pouco o problema da pobreza do Nordeste, principalmente no meio rural.<\/p>\n\n\n\n<p>\u201cO presidente [Bolsonaro] est\u00e1 com um projeto para cidades acima de 50 mil habitantes e n\u00f3s nos propusemos a trabalhar naquela cidades mais pobres, do homem do campo, que s\u00e3o 14 milh\u00f5es de pessoas que vivem no meio rural do Nordeste\u201d, disse.<\/p>\n\n\n\n<p>Entre as a\u00e7\u00f5es que podem ser executadas, Martins citou a capacita\u00e7\u00e3o de jovens e de profissionais de sa\u00fade e a moderniza\u00e7\u00e3o dos meios de trabalho, al\u00e9m de tornar mais competitiva a atividade de pequenos produtores e comerciantes.<\/p>\n\n\n\n<p>O presidente da CNA explicou que os recursos s\u00e3o adicionais aos que as entidades j\u00e1 investem na regi\u00e3o. A proposta deve ser entregue em breve ao ministro da Casa Civil, Onyx Lorenzoni, que, segundo Martins, vai alinhar os projetos das entidades ao que j\u00e1 foi anunciado pelo governo para o Nordeste.<\/p>\n\n\n\n<p>Na \u00faltima sexta-feira (24), o presidente Bolsonaro fez sua primeira visita oficial \u00e0 regi\u00e3o e apresentou o Plano Regional de Desenvolvimento do Nordeste, da Superintend\u00eancia do Desenvolvimento do Nordeste (Sudene), a ser implementado em quatro anos, a partir de 2020, em 41 cidades e nas nove capitais da regi\u00e3o.<\/p>\n\n\n\n<p>O documento tem como aposta estrat\u00e9gica o fortalecimento das redes de cidades intermedi\u00e1rias com \u00e1reas de influ\u00eancia que possam crescer economicamente.<\/p>\n\n\n\n<p>Ele ser\u00e1 encaminhado at\u00e9 agosto ao Congresso Nacional para tramitar em conjunto com o Plano Plurianual da Uni\u00e3o, que define o planejamento de longo prazo das a\u00e7\u00f5es do governo federal.<\/p>\n","protected":false},"excerpt":{"rendered":"<p>Entidades empresariais apresentaram hoje (28) ao presidente Jair Bolsonaro, em Bras\u00edlia, uma proposta de trabalho, com investimentos de R$ 1 bilh\u00e3o para a recupera\u00e7\u00e3o econ\u00f4mica&hellip; <\/p>\n","protected":false},"author":1,"featured_media":96928,"comment_status":"closed","ping_status":"closed","sticky":false,"template":"","format":"standard","meta":{"sfsi_plus_gutenberg_text_before_share":"","sfsi_plus_gutenberg_show_text_before_share":"","sfsi_plus_gutenberg_icon_type":"","sfsi_plus_gutenberg_icon_alignemt":"","sfsi_plus_gutenburg_max_per_row":"","footnotes":""},"categories":[11],"tags":[],"class_list":["post-96927","post","type-post","status-publish","format-standard","has-post-thumbnail","hentry","category-politica"],"_links":{"self":[{"href":"https:\/\/www.caririemacao.com\/1\/wp-json\/wp\/v2\/posts\/96927","targetHints":{"allow":["GET"]}}],"collection":[{"href":"https:\/\/www.caririemacao.com\/1\/wp-json\/wp\/v2\/posts"}],"about":[{"href":"https:\/\/www.caririemacao.com\/1\/wp-json\/wp\/v2\/types\/post"}],"author":[{"embeddable":true,"href":"https:\/\/www.caririemacao.com\/1\/wp-json\/wp\/v2\/users\/1"}],"replies":[{"embeddable":true,"href":"https:\/\/www.caririemacao.com\/1\/wp-json\/wp\/v2\/comments?post=96927"}],"version-history":[{"count":1,"href":"https:\/\/www.caririemacao.com\/1\/wp-json\/wp\/v2\/posts\/96927\/revisions"}],"predecessor-version":[{"id":96929,"href":"https:\/\/www.caririemacao.com\/1\/wp-json\/wp\/v2\/posts\/96927\/revisions\/96929"}],"wp:featuredmedia":[{"embeddable":true,"href":"https:\/\/www.caririemacao.com\/1\/wp-json\/wp\/v2\/media\/96928"}],"wp:attachment":[{"href":"https:\/\/www.caririemacao.com\/1\/wp-json\/wp\/v2\/media?parent=96927"}],"wp:term":[{"taxonomy":"category","embeddable":true,"href":"https:\/\/www.caririemacao.com\/1\/wp-json\/wp\/v2\/categories?post=96927"},{"taxonomy":"post_tag","embeddable":true,"href":"https:\/\/www.caririemacao.com\/1\/wp-json\/wp\/v2\/tags?post=96927"}],"curies":[{"name":"wp","href":"https:\/\/api.w.org\/{rel}","templated":true}]}}