{"id":96941,"date":"2019-05-28T17:26:14","date_gmt":"2019-05-28T20:26:14","guid":{"rendered":"http:\/\/www.caririemacao.com\/1\/?p=96941"},"modified":"2019-05-28T17:26:14","modified_gmt":"2019-05-28T20:26:14","slug":"cortejo-reune-milhares-de-pessoas-no-ultimo-adeus-a-gabriel-diniz","status":"publish","type":"post","link":"https:\/\/www.caririemacao.com\/1\/2019\/05\/28\/cortejo-reune-milhares-de-pessoas-no-ultimo-adeus-a-gabriel-diniz\/","title":{"rendered":"Cortejo re\u00fane milhares de pessoas no \u00faltimo adeus a Gabriel Diniz"},"content":{"rendered":"\n<p>Ap\u00f3s a missa de corpo presente, o&nbsp;corpo do cantor Gabriel Diniz deixou o est\u00e1dio Ronald\u00e3o na tarde&nbsp;desta ter\u00e7a-feira (28) em carro aberto, em cima&nbsp;de um ve\u00edculo do Corpo de Bombeiros,&nbsp;rumo ao Cemit\u00e9rio Parque das Ac\u00e1cias, em Jo\u00e3o Pessoa, capital da Para\u00edba. A popula\u00e7\u00e3o presenciou a sa\u00edda do caix\u00e3o e&nbsp;alguns acompanharam, a p\u00e9, o cantor por algumas ruas.<\/p>\n\n\n\n<p>O corpo foi velado durante o dia de hoje. O cantor recebeu homenagens de familiares, f\u00e3s e artistas que lotaram o Ronald\u00e3o.<\/p>\n\n\n\n<p>O tr\u00e2nsito no trajeto foi bloqueado \u00e0 medida que o grupo avan\u00e7ou, por esquipes da Semob. Eles&nbsp; percorreram as avenidas Ranieri Mazilli, seguindo pelo viaduto do Cristo e pela Avenida Hilton Souto Maior at\u00e9 a Rua El\u00edsio Herculano de Melo, que d\u00e1 acesso ao cemit\u00e9rio.<strong>D<\/strong><\/p>\n\n\n\n<p><em>Informa\u00e7\u00f5es Click PB<\/em><\/p>\n","protected":false},"excerpt":{"rendered":"<p>Ap\u00f3s a missa de corpo presente, o&nbsp;corpo do cantor Gabriel Diniz deixou o est\u00e1dio Ronald\u00e3o na tarde&nbsp;desta ter\u00e7a-feira (28) em carro aberto, em cima&nbsp;de um&hellip; <\/p>\n","protected":false},"author":1,"featured_media":96942,"comment_status":"closed","ping_status":"closed","sticky":false,"template":"","format":"standard","meta":{"sfsi_plus_gutenberg_text_before_share":"","sfsi_plus_gutenberg_show_text_before_share":"","sfsi_plus_gutenberg_icon_type":"","sfsi_plus_gutenberg_icon_alignemt":"","sfsi_plus_gutenburg_max_per_row":"","footnotes":""},"categories":[2],"tags":[],"class_list":["post-96941","post","type-post","status-publish","format-standard","has-post-thumbnail","hentry","category-geral"],"_links":{"self":[{"href":"https:\/\/www.caririemacao.com\/1\/wp-json\/wp\/v2\/posts\/96941","targetHints":{"allow":["GET"]}}],"collection":[{"href":"https:\/\/www.caririemacao.com\/1\/wp-json\/wp\/v2\/posts"}],"about":[{"href":"https:\/\/www.caririemacao.com\/1\/wp-json\/wp\/v2\/types\/post"}],"author":[{"embeddable":true,"href":"https:\/\/www.caririemacao.com\/1\/wp-json\/wp\/v2\/users\/1"}],"replies":[{"embeddable":true,"href":"https:\/\/www.caririemacao.com\/1\/wp-json\/wp\/v2\/comments?post=96941"}],"version-history":[{"count":1,"href":"https:\/\/www.caririemacao.com\/1\/wp-json\/wp\/v2\/posts\/96941\/revisions"}],"predecessor-version":[{"id":96943,"href":"https:\/\/www.caririemacao.com\/1\/wp-json\/wp\/v2\/posts\/96941\/revisions\/96943"}],"wp:featuredmedia":[{"embeddable":true,"href":"https:\/\/www.caririemacao.com\/1\/wp-json\/wp\/v2\/media\/96942"}],"wp:attachment":[{"href":"https:\/\/www.caririemacao.com\/1\/wp-json\/wp\/v2\/media?parent=96941"}],"wp:term":[{"taxonomy":"category","embeddable":true,"href":"https:\/\/www.caririemacao.com\/1\/wp-json\/wp\/v2\/categories?post=96941"},{"taxonomy":"post_tag","embeddable":true,"href":"https:\/\/www.caririemacao.com\/1\/wp-json\/wp\/v2\/tags?post=96941"}],"curies":[{"name":"wp","href":"https:\/\/api.w.org\/{rel}","templated":true}]}}