{"id":96947,"date":"2019-05-28T17:28:30","date_gmt":"2019-05-28T20:28:30","guid":{"rendered":"http:\/\/www.caririemacao.com\/1\/?p=96947"},"modified":"2019-05-28T17:28:30","modified_gmt":"2019-05-28T20:28:30","slug":"homem-tenta-roubar-celular-de-reporter-do-sbt-em-cortejo-de-gabriel-diniz","status":"publish","type":"post","link":"https:\/\/www.caririemacao.com\/1\/2019\/05\/28\/homem-tenta-roubar-celular-de-reporter-do-sbt-em-cortejo-de-gabriel-diniz\/","title":{"rendered":"homem tenta roubar celular de rep\u00f3rter do SBT em cortejo de Gabriel Diniz"},"content":{"rendered":"\n<p>Um homem tentou roubar o aparelho celular de uma rep\u00f3rter do SBT, na tarde desta ter\u00e7a-feira (28), no cortejo f\u00fanebre do cantor Gabriel Diniz, em Jo\u00e3o Pessoa.<\/p>\n\n\n\n<p>Durante participa\u00e7\u00e3o ao vivo da cobertura do funeral para o programa \u2018Fofocalizando\u2019, M\u00e1rcia Dantas percebeu o suspeito puxar o celular e fez o alerta.<\/p>\n\n\n\n<p>\u201cRoubaram o meu celular. Me d\u00e1\u201d, gritou a rep\u00f3rter interrompendo sua participa\u00e7\u00e3o no programa. \u201cEu vi ele puxando\u201d, acrescentou. Os apresentadores entretanto reagiram considerando como um absurdo a ousadia do ladr\u00e3o.<\/p>\n\n\n\n<p>Na volta do intervalo, a jornalista disse que prestar\u00e1 Boletim de Ocorr\u00eancia contra o suspeito por tentativa de furto. M\u00e1rcia Dantas afirmou que ele ainda conseguiu pegar o celular mas n\u00e3o colocou o equipamento no bolso. Ap\u00f3s ela d\u00e1 o alerta, o suspeito soltou o celular no ch\u00e3o.<\/p>\n\n\n\n<p>A Pol\u00edcia Militar da Para\u00edba j\u00e1 apresentou na central de flagrantes o acusado de tentar furtar, na tarde desta ter\u00e7a-feira (28), a rep\u00f3rter do SBT M\u00e1rcia Dantas, em Jo\u00e3o Pessoa. Ele foi identificado como Geraldo Martins do Rio, de 48 anos, e tinha sa\u00eddo do pres\u00eddio de Igarassu, em Pernambuco,&nbsp;no dia 21 deste m\u00eas, onde cumpria pena por recepta\u00e7\u00e3o de objetos roubados e furtados.<\/p>\n\n\n\n<p><em>Com Mais PB<\/em><\/p>\n","protected":false},"excerpt":{"rendered":"<p>Um homem tentou roubar o aparelho celular de uma rep\u00f3rter do SBT, na tarde desta ter\u00e7a-feira (28), no cortejo f\u00fanebre do cantor Gabriel Diniz, em&hellip; <\/p>\n","protected":false},"author":1,"featured_media":96948,"comment_status":"closed","ping_status":"closed","sticky":false,"template":"","format":"standard","meta":{"sfsi_plus_gutenberg_text_before_share":"","sfsi_plus_gutenberg_show_text_before_share":"","sfsi_plus_gutenberg_icon_type":"","sfsi_plus_gutenberg_icon_alignemt":"","sfsi_plus_gutenburg_max_per_row":"","footnotes":""},"categories":[12],"tags":[],"class_list":["post-96947","post","type-post","status-publish","format-standard","has-post-thumbnail","hentry","category-policia"],"_links":{"self":[{"href":"https:\/\/www.caririemacao.com\/1\/wp-json\/wp\/v2\/posts\/96947","targetHints":{"allow":["GET"]}}],"collection":[{"href":"https:\/\/www.caririemacao.com\/1\/wp-json\/wp\/v2\/posts"}],"about":[{"href":"https:\/\/www.caririemacao.com\/1\/wp-json\/wp\/v2\/types\/post"}],"author":[{"embeddable":true,"href":"https:\/\/www.caririemacao.com\/1\/wp-json\/wp\/v2\/users\/1"}],"replies":[{"embeddable":true,"href":"https:\/\/www.caririemacao.com\/1\/wp-json\/wp\/v2\/comments?post=96947"}],"version-history":[{"count":1,"href":"https:\/\/www.caririemacao.com\/1\/wp-json\/wp\/v2\/posts\/96947\/revisions"}],"predecessor-version":[{"id":96949,"href":"https:\/\/www.caririemacao.com\/1\/wp-json\/wp\/v2\/posts\/96947\/revisions\/96949"}],"wp:featuredmedia":[{"embeddable":true,"href":"https:\/\/www.caririemacao.com\/1\/wp-json\/wp\/v2\/media\/96948"}],"wp:attachment":[{"href":"https:\/\/www.caririemacao.com\/1\/wp-json\/wp\/v2\/media?parent=96947"}],"wp:term":[{"taxonomy":"category","embeddable":true,"href":"https:\/\/www.caririemacao.com\/1\/wp-json\/wp\/v2\/categories?post=96947"},{"taxonomy":"post_tag","embeddable":true,"href":"https:\/\/www.caririemacao.com\/1\/wp-json\/wp\/v2\/tags?post=96947"}],"curies":[{"name":"wp","href":"https:\/\/api.w.org\/{rel}","templated":true}]}}