{"id":97132,"date":"2019-05-29T15:30:07","date_gmt":"2019-05-29T18:30:07","guid":{"rendered":"http:\/\/www.caririemacao.com\/1\/?p=97132"},"modified":"2019-05-29T15:30:07","modified_gmt":"2019-05-29T18:30:07","slug":"policia-prende-homem-acusado-de-estuprar-idosa-em-sao-sebastiao-do-umbuzeiro","status":"publish","type":"post","link":"https:\/\/www.caririemacao.com\/1\/2019\/05\/29\/policia-prende-homem-acusado-de-estuprar-idosa-em-sao-sebastiao-do-umbuzeiro\/","title":{"rendered":"Pol\u00edcia prende homem acusado de estuprar idosa em S\u00e3o Sebasti\u00e3o do Umbuzeiro"},"content":{"rendered":"\n<p>A Policia Civil, atrav\u00e9s do grupo t\u00e1tico especial da 14\u00ba Delegacia Seccional de Monteiro, prendeu na manh\u00e3 desta ter\u00e7a-feira (28) em S\u00e3o Sebasti\u00e3o do Umbuzeiro, Wellington da Silva F\u00e9lix, de 26 anos, natural do Pernambuco.<\/p>\n\n\n\n<p>Sob o comando do delegado Cristiano Santana, a opera\u00e7\u00e3o policial denominada \u201cCronos II\u201d apreendeu v\u00e1rios suspeitos de crimes em v\u00e1rias regi\u00f5es do estado da Para\u00edba e do Brasil.<\/p>\n\n\n\n<p>Na regi\u00e3o do Cariri, a pris\u00e3o preventiva do acusado se deu de forma conjunta com a delegacia de pol\u00edcia de S\u00e3o Sebasti\u00e3o do Umbuzeiro. Ele \u00e9 acusado de estupro.<\/p>\n\n\n\n<p>Wellington da Silva F\u00e9lix \u00e9 suspeito de estuprar uma idosa de mais de 70 anos no ano passado na cidade de S\u00e3o Sebasti\u00e3o do Umbuzeiro. O acusado foi detido e transferido para a Delegacia de Monteiro.<\/p>\n\n\n\n<p>A 14\u00ba Delegacia Seccional de Monteiro ainda prendeu na manh\u00e3 desta \u00faltima ter\u00e7a-feira (28), dois homens na cidade de S\u00e3o Jos\u00e9 dos Cordeiros. Esta a\u00e7\u00e3o policial \u00e9 trabalhada ainda de forma sigilosa e a opera\u00e7\u00e3o tem continuidade.<\/p>\n\n\n\n<p><strong>De Olho no Cariri<\/strong><\/p>\n","protected":false},"excerpt":{"rendered":"<p>A Policia Civil, atrav\u00e9s do grupo t\u00e1tico especial da 14\u00ba Delegacia Seccional de Monteiro, prendeu na manh\u00e3 desta ter\u00e7a-feira (28) em S\u00e3o Sebasti\u00e3o do Umbuzeiro,&hellip; <\/p>\n","protected":false},"author":1,"featured_media":97133,"comment_status":"closed","ping_status":"closed","sticky":false,"template":"","format":"standard","meta":{"sfsi_plus_gutenberg_text_before_share":"","sfsi_plus_gutenberg_show_text_before_share":"","sfsi_plus_gutenberg_icon_type":"","sfsi_plus_gutenberg_icon_alignemt":"","sfsi_plus_gutenburg_max_per_row":"","footnotes":""},"categories":[50,12],"tags":[],"class_list":["post-97132","post","type-post","status-publish","format-standard","has-post-thumbnail","hentry","category-destaque","category-policia"],"_links":{"self":[{"href":"https:\/\/www.caririemacao.com\/1\/wp-json\/wp\/v2\/posts\/97132","targetHints":{"allow":["GET"]}}],"collection":[{"href":"https:\/\/www.caririemacao.com\/1\/wp-json\/wp\/v2\/posts"}],"about":[{"href":"https:\/\/www.caririemacao.com\/1\/wp-json\/wp\/v2\/types\/post"}],"author":[{"embeddable":true,"href":"https:\/\/www.caririemacao.com\/1\/wp-json\/wp\/v2\/users\/1"}],"replies":[{"embeddable":true,"href":"https:\/\/www.caririemacao.com\/1\/wp-json\/wp\/v2\/comments?post=97132"}],"version-history":[{"count":1,"href":"https:\/\/www.caririemacao.com\/1\/wp-json\/wp\/v2\/posts\/97132\/revisions"}],"predecessor-version":[{"id":97134,"href":"https:\/\/www.caririemacao.com\/1\/wp-json\/wp\/v2\/posts\/97132\/revisions\/97134"}],"wp:featuredmedia":[{"embeddable":true,"href":"https:\/\/www.caririemacao.com\/1\/wp-json\/wp\/v2\/media\/97133"}],"wp:attachment":[{"href":"https:\/\/www.caririemacao.com\/1\/wp-json\/wp\/v2\/media?parent=97132"}],"wp:term":[{"taxonomy":"category","embeddable":true,"href":"https:\/\/www.caririemacao.com\/1\/wp-json\/wp\/v2\/categories?post=97132"},{"taxonomy":"post_tag","embeddable":true,"href":"https:\/\/www.caririemacao.com\/1\/wp-json\/wp\/v2\/tags?post=97132"}],"curies":[{"name":"wp","href":"https:\/\/api.w.org\/{rel}","templated":true}]}}