{"id":97137,"date":"2019-05-29T18:27:44","date_gmt":"2019-05-29T21:27:44","guid":{"rendered":"http:\/\/www.caririemacao.com\/1\/?p=97137"},"modified":"2019-05-29T18:27:44","modified_gmt":"2019-05-29T21:27:44","slug":"ufcg-publica-ate-esta-sexta-feira-edital-do-concurso-de-servidores-tecnico-administrativos","status":"publish","type":"post","link":"https:\/\/www.caririemacao.com\/1\/2019\/05\/29\/ufcg-publica-ate-esta-sexta-feira-edital-do-concurso-de-servidores-tecnico-administrativos\/","title":{"rendered":"UFCG publica at\u00e9 esta sexta-feira edital do concurso de servidores t\u00e9cnico-administrativos"},"content":{"rendered":"\n<p>A Universidade Federal de Campina Grande (UFCG) publica, at\u00e9 esta sexta-feira (31), o edital do concurso p\u00fablico para servidores t\u00e9cnico-administrativos. A confirma\u00e7\u00e3o sobre a publica\u00e7\u00e3o nesse prazo \u00e9 do presidente da Comprov (Comiss\u00e3o de Processos Vestibulares), professor Ant\u00f4nio Jos\u00e9 da Silva, que falou com o Portal ClickPB, nesta quarta-feira (29). A UFCG precisa publicar at\u00e9 o dia 31 de maio, antes que as medidas estabelecidas pelo&nbsp;<a href=\"http:\/\/www.planalto.gov.br\/ccivil_03\/_ato2019-2022\/2019\/decreto\/D9739.htm\">Decreto 9.739\/19<\/a>editado por Jair Bolsonaro com novas normas para concursos p\u00fablicos passe a vigorar, em 1\u00ba de junho.&nbsp;<\/p>\n\n\n\n<p>&#8220;N\u00f3s vamos lan\u00e7ar at\u00e9 sexta, porque ainda estamos fechando a quest\u00e3o das vagas, porque tem que aproveitar essa oportunidade e oferecer o maior n\u00famero de vagas poss\u00edvel. Mas j\u00e1 estamos ultimando essas coisas e at\u00e9 sexta ele sai&#8221;, assegurou o professor Ant\u00f4nio Jos\u00e9 da Silva, ao Portal ClickPB.&nbsp;<\/p>\n\n\n\n<p>A UFCG est\u00e1 aguardando ficar mais pr\u00f3ximo do prazo para poder incluir as vagas decorrentes das aposentadorias que est\u00e3o surgindo. &#8220;\u00c9 isso que a gente est\u00e1 trabalhando, est\u00e1 fazendo os \u00faltimos levantamentos, porque a gente quer oferecer o maior n\u00famero de vagas poss\u00edvel. N\u00f3s temos at\u00e9 sexta-feira para publicar&#8221;, reafirmou o presidente da Comprov, que \u00e9 da pr\u00f3pria UFCG. A estimativa, at\u00e9 o momento, \u00e9 que sejam oferecidas entre 80 e 90 vagas.&nbsp; &nbsp;<\/p>\n\n\n\n<p>Entre as novas regras para concursos p\u00fablicos, est\u00e1 a determina\u00e7\u00e3o de que fica delegada compet\u00eancia ao Ministro de Estado da Economia, permitida a subdelega\u00e7\u00e3o para o Secret\u00e1rio Especial de Desburocratiza\u00e7\u00e3o, Gest\u00e3o e Governo Digital do Minist\u00e9rio da Economia para autorizar a realiza\u00e7\u00e3o de concursos p\u00fablicos nos \u00f3rg\u00e3os e nas entidades da administra\u00e7\u00e3o p\u00fablica federal direta, aut\u00e1rquica e fundacional, bem como a de decidir sobre o provimento de cargos.<\/p>\n\n\n\n<p>Uma exce\u00e7\u00e3o importante \u00e9 para a Pol\u00edcia Federal, que poder\u00e1 realizar concursos quando as vac\u00e2ncias atingirem mais de 5% do total de cargos da carreira, ou quando o Ministro da Justi\u00e7a e Seguran\u00e7a P\u00fablica julgar necess\u00e1rio.<\/p>\n\n\n\n<p>O novo decreto tamb\u00e9m estabelece que o edital dever\u00e1 ser publicado em at\u00e9 seis meses ap\u00f3s ter sido autorizado. O intervalo entre a realiza\u00e7\u00e3o da primeira prova e a publica\u00e7\u00e3o do edital dever\u00e1 ser de no m\u00ednimo quatro meses.<\/p>\n","protected":false},"excerpt":{"rendered":"<p>A Universidade Federal de Campina Grande (UFCG) publica, at\u00e9 esta sexta-feira (31), o edital do concurso p\u00fablico para servidores t\u00e9cnico-administrativos. A confirma\u00e7\u00e3o sobre a publica\u00e7\u00e3o&hellip; <\/p>\n","protected":false},"author":1,"featured_media":40244,"comment_status":"closed","ping_status":"closed","sticky":false,"template":"","format":"standard","meta":{"sfsi_plus_gutenberg_text_before_share":"","sfsi_plus_gutenberg_show_text_before_share":"","sfsi_plus_gutenberg_icon_type":"","sfsi_plus_gutenberg_icon_alignemt":"","sfsi_plus_gutenburg_max_per_row":"","footnotes":""},"categories":[2],"tags":[],"class_list":["post-97137","post","type-post","status-publish","format-standard","has-post-thumbnail","hentry","category-geral"],"_links":{"self":[{"href":"https:\/\/www.caririemacao.com\/1\/wp-json\/wp\/v2\/posts\/97137","targetHints":{"allow":["GET"]}}],"collection":[{"href":"https:\/\/www.caririemacao.com\/1\/wp-json\/wp\/v2\/posts"}],"about":[{"href":"https:\/\/www.caririemacao.com\/1\/wp-json\/wp\/v2\/types\/post"}],"author":[{"embeddable":true,"href":"https:\/\/www.caririemacao.com\/1\/wp-json\/wp\/v2\/users\/1"}],"replies":[{"embeddable":true,"href":"https:\/\/www.caririemacao.com\/1\/wp-json\/wp\/v2\/comments?post=97137"}],"version-history":[{"count":1,"href":"https:\/\/www.caririemacao.com\/1\/wp-json\/wp\/v2\/posts\/97137\/revisions"}],"predecessor-version":[{"id":97138,"href":"https:\/\/www.caririemacao.com\/1\/wp-json\/wp\/v2\/posts\/97137\/revisions\/97138"}],"wp:featuredmedia":[{"embeddable":true,"href":"https:\/\/www.caririemacao.com\/1\/wp-json\/wp\/v2\/media\/40244"}],"wp:attachment":[{"href":"https:\/\/www.caririemacao.com\/1\/wp-json\/wp\/v2\/media?parent=97137"}],"wp:term":[{"taxonomy":"category","embeddable":true,"href":"https:\/\/www.caririemacao.com\/1\/wp-json\/wp\/v2\/categories?post=97137"},{"taxonomy":"post_tag","embeddable":true,"href":"https:\/\/www.caririemacao.com\/1\/wp-json\/wp\/v2\/tags?post=97137"}],"curies":[{"name":"wp","href":"https:\/\/api.w.org\/{rel}","templated":true}]}}