{"id":97140,"date":"2019-05-29T18:29:35","date_gmt":"2019-05-29T21:29:35","guid":{"rendered":"http:\/\/www.caririemacao.com\/1\/?p=97140"},"modified":"2019-05-29T18:29:35","modified_gmt":"2019-05-29T21:29:35","slug":"ifpb-prorroga-inscricoes-do-psct-e-do-pse-2019-2","status":"publish","type":"post","link":"https:\/\/www.caririemacao.com\/1\/2019\/05\/29\/ifpb-prorroga-inscricoes-do-psct-e-do-pse-2019-2\/","title":{"rendered":"IFPB prorroga inscri\u00e7\u00f5es do PSCT e do PSE 2019.2"},"content":{"rendered":"\n<p>O IFPB prorrogou as&nbsp;inscri\u00e7\u00f5es do PSCT e do PSE 2019.2 e os interessados poder\u00e3o fazer as inscri\u00e7\u00f5es at\u00e9 quinta-feira (31)&nbsp;para o Processo Seletivo de Cursos T\u00e9cnicos (PSCT) do IFPB. Est\u00e3o sendo ofertadas 1.110 vagas para o segundo semestre de 2019. As inscri\u00e7\u00f5es podem ser realizadas no portal do IFPB (<a href=\"https:\/\/estudante.ifpb.edu.br\/processoseletivo\/processo\/1\/\">clique aqui<\/a>), por meio do preenchimento de formul\u00e1rio eletr\u00f4nico, question\u00e1rio socioecon\u00f4mico e apresenta\u00e7\u00e3o do Hist\u00f3rico Escolar ou boletim de desempenho individual do ENEM ou documento equivalente.<br><\/p>\n\n\n\n<p>Os cursos ofertados pelo PSCT s\u00e3o na modalidade t\u00e9cnico subsequente, portanto, podem se inscrever candidatos que estejam concluindo ou j\u00e1 tenham conclu\u00eddo o ensino m\u00e9dio. A sele\u00e7\u00e3o ser\u00e1 realizada por meio de an\u00e1lise do desempenho escolar em L\u00edngua Portuguesa ou Portugu\u00eas e Matem\u00e1tica ou disciplinas equivalentes cursadas no 1\u00ba e 2\u00ba ano do Ensino M\u00e9dio, ou equivalente; ou por meio de an\u00e1lise do desempenho de L\u00edngua Portuguesa e Matem\u00e1tica, conforme descritas no documento do Exame Nacional para Certifica\u00e7\u00e3o de Compet\u00eancias de Jovens e Adultos (ENCCEJA) e o Exame Nacional do Ensino M\u00e9dio (ENEM), ou equivalentes.<\/p>\n\n\n\n<p>Os cursos ofertados s\u00e3o: T\u00e9cnico em Agropecu\u00e1ria, T\u00e9cnico em Cuidados de Idosos, T\u00e9cnico em Edifica\u00e7\u00f5es, T\u00e9cnico em Eletr\u00f4nica, T\u00e9cnico em Eletromec\u00e2nica, T\u00e9cnico em Eletrot\u00e9cnica, T\u00e9cnico em Equipamentos Biom\u00e9dicos, T\u00e9cnico em Inform\u00e1tica, T\u00e9cnico em Instrumento Musical, T\u00e9cnico em Manuten\u00e7\u00e3o e Suporte em Inform\u00e1tica, T\u00e9cnico em Minera\u00e7\u00e3o, T\u00e9cnico em Mec\u00e2nica, T\u00e9cnico em Restaurante e Bar, T\u00e9cnico em Meio Ambiente, T\u00e9cnico em Qu\u00edmica, T\u00e9cnico em Servi\u00e7os Jur\u00eddicos e T\u00e9cnico em Secretariado.<br><\/p>\n\n\n\n<p>As vagas est\u00e3o distribu\u00eddas entre os campi de&nbsp; Areia, Cabedelo, Cabedelo Centro, Cajazeiras, Campina Grande, Esperan\u00e7a, Jo\u00e3o Pessoa, Jo\u00e3o Pessoa\/Mangabeira, Monteiro, Patos, Pedras de Fogo, Picu\u00ed, Princesa Isabel, Santa Luzia, Soledade e Sousa.<\/p>\n\n\n\n<p>Confira todas as informa\u00e7\u00f5es no<a href=\"https:\/\/estudante.ifpb.edu.br\/media\/Edital_55_retificado_pelo_Edital_81_subsequente_2019.2.pdf\">Edital n\u00ba 81\/2019.<\/a><\/p>\n\n\n\n<p><a href=\"https:\/\/estudante.ifpb.edu.br\/processoseletivo\/processo\/1\/edicao\/131\/\">Clique aqui<\/a>para se inscrever no PSCT 2019.2.<\/p>\n\n\n\n<p>A sele\u00e7\u00e3o para o curso t\u00e9cnico em Instrumento Musical \u00e9 regida por um edital espec\u00edfico.&nbsp;<a href=\"https:\/\/estudante.ifpb.edu.br\/media\/Edital_56_subsequente_M%C3%BAsica_Jo%C3%A3o_Pessoa_e_Monteiro_2019.2.pdf\">Confira aqui o Edital n\u00ba 56\/2019.<\/a><\/p>\n\n\n\n<p>Clique aqui para se inscrever no t\u00e9cnico em instrumento musical.<\/p>\n\n\n\n<p><strong>PROCESSO SELETIVO ESPECIAL&nbsp; &nbsp; &nbsp; &nbsp; &nbsp; &nbsp; &nbsp; &nbsp;&nbsp;<\/strong><\/p>\n\n\n\n<p>J\u00e1 o Processo Seletivo Especial (PSE) para ingresso nos cursos superiores da Institui\u00e7\u00e3o, per\u00edodo 2019.2, ter\u00e1 a sele\u00e7\u00e3o feita nas seguintes modalidades: reingresso (126 vagas), transfer\u00eancia interna (126 vagas), transfer\u00eancia interinstitucional (208 vagas) e ingresso de graduados (189 vagas). O per\u00edodo de inscri\u00e7\u00e3o vai at\u00e9 o dia 31 de maio.<\/p>\n\n\n\n<p><a href=\"https:\/\/estudante.ifpb.edu.br\/media\/Edital_n%C2%BA_65-2019_PSE_2019.2_retificado_pelo_edital_83.pdf\">Acesse aqui o edital.<\/a><\/p>\n\n\n\n<p><a href=\"http:\/\/compec.ifpb.edu.br\/concurso\/detalheConcurso?id=211\">Clique aqui para se inscrever no PSE 2019.2.<\/a><\/p>\n\n\n\n<p>Ao todo s\u00e3o 649 vagas, distribu\u00eddas em dez campi: Cabedelo, Cajazeiras, Campina Grande, Guarabira, Jo\u00e3o Pessoa, Monteiro, Patos, Picu\u00ed, Princesa Isabel e Sousa. H\u00e1 vagas nas modalidades presencial e Educa\u00e7\u00e3o a Dist\u00e2ncia (EaD).<\/p>\n\n\n\n<p>Para se inscrever no PSE, o interessado deve preencher o formul\u00e1rio de inscri\u00e7\u00e3o on-line e protocolar, em qualquer um dos campi ofertantes, a documenta\u00e7\u00e3o exigida, encaminhando-a para a Comiss\u00e3o Permanente de Concursos P\u00fablicos (COMPEC).<\/p>\n","protected":false},"excerpt":{"rendered":"<p>O IFPB prorrogou as&nbsp;inscri\u00e7\u00f5es do PSCT e do PSE 2019.2 e os interessados poder\u00e3o fazer as inscri\u00e7\u00f5es at\u00e9 quinta-feira (31)&nbsp;para o Processo Seletivo de Cursos&hellip; <\/p>\n","protected":false},"author":1,"featured_media":79023,"comment_status":"closed","ping_status":"closed","sticky":false,"template":"","format":"standard","meta":{"sfsi_plus_gutenberg_text_before_share":"","sfsi_plus_gutenberg_show_text_before_share":"","sfsi_plus_gutenberg_icon_type":"","sfsi_plus_gutenberg_icon_alignemt":"","sfsi_plus_gutenburg_max_per_row":"","footnotes":""},"categories":[50,14],"tags":[],"class_list":["post-97140","post","type-post","status-publish","format-standard","has-post-thumbnail","hentry","category-destaque","category-educacao"],"_links":{"self":[{"href":"https:\/\/www.caririemacao.com\/1\/wp-json\/wp\/v2\/posts\/97140","targetHints":{"allow":["GET"]}}],"collection":[{"href":"https:\/\/www.caririemacao.com\/1\/wp-json\/wp\/v2\/posts"}],"about":[{"href":"https:\/\/www.caririemacao.com\/1\/wp-json\/wp\/v2\/types\/post"}],"author":[{"embeddable":true,"href":"https:\/\/www.caririemacao.com\/1\/wp-json\/wp\/v2\/users\/1"}],"replies":[{"embeddable":true,"href":"https:\/\/www.caririemacao.com\/1\/wp-json\/wp\/v2\/comments?post=97140"}],"version-history":[{"count":1,"href":"https:\/\/www.caririemacao.com\/1\/wp-json\/wp\/v2\/posts\/97140\/revisions"}],"predecessor-version":[{"id":97141,"href":"https:\/\/www.caririemacao.com\/1\/wp-json\/wp\/v2\/posts\/97140\/revisions\/97141"}],"wp:featuredmedia":[{"embeddable":true,"href":"https:\/\/www.caririemacao.com\/1\/wp-json\/wp\/v2\/media\/79023"}],"wp:attachment":[{"href":"https:\/\/www.caririemacao.com\/1\/wp-json\/wp\/v2\/media?parent=97140"}],"wp:term":[{"taxonomy":"category","embeddable":true,"href":"https:\/\/www.caririemacao.com\/1\/wp-json\/wp\/v2\/categories?post=97140"},{"taxonomy":"post_tag","embeddable":true,"href":"https:\/\/www.caririemacao.com\/1\/wp-json\/wp\/v2\/tags?post=97140"}],"curies":[{"name":"wp","href":"https:\/\/api.w.org\/{rel}","templated":true}]}}