{"id":97144,"date":"2019-05-29T18:32:55","date_gmt":"2019-05-29T21:32:55","guid":{"rendered":"http:\/\/www.caririemacao.com\/1\/?p=97144"},"modified":"2019-05-29T18:32:55","modified_gmt":"2019-05-29T21:32:55","slug":"pgr-denuncia-senador-fernando-collor-por-peculato","status":"publish","type":"post","link":"https:\/\/www.caririemacao.com\/1\/2019\/05\/29\/pgr-denuncia-senador-fernando-collor-por-peculato\/","title":{"rendered":"PGR denuncia senador Fernando Collor por peculato"},"content":{"rendered":"\n<p>A Procuradoria-Geral da Rep\u00fablica (PGR) enviou nesta quarta-feira (29) ao Supremo Tribunal Federal (STF) den\u00fancia contra o senador Fernando Collor de Mello (Pros-AL) pelo crime de peculato.<br><\/p>\n\n\n\n<p>Ele \u00e9 acusado de atuar para que a BR Distribuidora firmasse contratos com a empresa Laginha Agro Industrial, de propriedade do tamb\u00e9m alagoano Jo\u00e3o Lyra, com quem, segundo a PGR, Collor mant\u00e9m rela\u00e7\u00f5es pol\u00edticas, de amizade e familiares.<\/p>\n\n\n\n<p>Segundo a PGR, as investiga\u00e7\u00f5es revelaram que o crime foi praticado em 2010, ano em que Collor e Jo\u00e3o Lyra eram filiados ao PDT e disputaram os cargos de governador e deputado federal, respectivamente.<\/p>\n\n\n\n<p>Collor est\u00e1 licenciado do cargo desde abril. O G1 procurou a assessoria do senador e aguardava resposta at\u00e9 a \u00faltima atualiza\u00e7\u00e3o desta reportagem.<\/p>\n\n\n\n<p>A procuradora-geral da Rep\u00fablica, Raquel Dodge, afirma na den\u00fancia que h\u00e1 provas de que os contratos, que renderam ao empres\u00e1rio R$ 240 milh\u00f5es, contrariaram regras da companhia, ignoraram o fato de a empresa de Jo\u00e3o Lyra estar em crise financeira e ainda tiveram tramita\u00e7\u00e3o at\u00edpica e excepcional.<\/p>\n\n\n\n<p><strong>Investiga\u00e7\u00e3o&nbsp; &nbsp; &nbsp; &nbsp; &nbsp; &nbsp; &nbsp; &nbsp; &nbsp;<\/strong><br>Segundo a den\u00fancia, em junho de 2010, Jo\u00e3o Lyra teria pedido ajuda ao senador, que agendou e acompanhou o empres\u00e1rio em uma reuni\u00e3o na sede da BR Distribuidora, no Rio de Janeiro, na qual propuseram o fechamento de um contrato para a compra de safra futura de \u00e1lcool no valor de R$ 1 bilh\u00e3o.<\/p>\n\n\n\n<p>A PGR afirma que a proposta foi considerada invi\u00e1vel, mas que o ent\u00e3o presidente da BR Distribuidora, que estava presente \u00e0 reuni\u00e3o, assegurou ao senador que seria encontrada alternativa para o pedido, o que acabou sendo viabilizado por meio de tr\u00eas contratos, negociados e firmados em tempo recorde.<\/p>\n\n\n\n<p>O primeiro foi assinado em 9 de julho, apenas dez dias ap\u00f3s a reuni\u00e3o na sede da BR Distribuidora, diz a Procuradoria. Jos\u00e9 Z\u00f4nis, ent\u00e3o diretor de Opera\u00e7\u00f5es Log\u00edsticas da estatal \u2013 indicado por Fernando Collor de Mello para o cargo \u2013 foi apontado por testemunhas como um dos principais executores das contrata\u00e7\u00f5es firmadas com a pessoa jur\u00eddica Laginha Agro Industrial, diz a den\u00fancia.<\/p>\n\n\n\n<p>Ainda conforme a acusa\u00e7\u00e3o, em depoimento o ex-coordenador de aquisi\u00e7\u00e3o de \u00e1lcool da BR Distribuidora para as regi\u00f5es Norte e Nordeste relatou que, ap\u00f3s a reuni\u00e3o com Fernando Collor, Jos\u00e9 Z\u00f4nis solicitou aos subordinados que o contrato fosse elaborado e aprovado de forma r\u00e1pida, desprezando aspectos t\u00e9cnicos da opera\u00e7\u00e3o.<\/p>\n\n\n\n<p>Os contratos permitiram que o empres\u00e1rio utilizasse os chamados receb\u00edveis como garantia para a abertura de cr\u00e9dito junto a institui\u00e7\u00f5es financeiras p\u00fablicas e privadas e \u00e0 pr\u00f3pria BR Distribuidora. Tamb\u00e9m garantiram o fornecimento de diesel e lubrificantes \u00e0 empresa, naquele momento em situa\u00e7\u00e3o falimentar, e ainda geraram um contrato m\u00fatuo em dinheiro, no valor de R$ 5 milh\u00f5es.<\/p>\n\n\n\n<p>Dodge afirma que a BR Distribuidora ignorou recomenda\u00e7\u00e3o constante de parecer jur\u00eddico para que se exigissem garantias mais s\u00f3lidas ou mesmo que se levasse em conta o fato de a companhia j\u00e1 ser credora da empresa de Jo\u00e3o Lyra.<\/p>\n","protected":false},"excerpt":{"rendered":"<p>A Procuradoria-Geral da Rep\u00fablica (PGR) enviou nesta quarta-feira (29) ao Supremo Tribunal Federal (STF) den\u00fancia contra o senador Fernando Collor de Mello (Pros-AL) pelo crime&hellip; <\/p>\n","protected":false},"author":1,"featured_media":97145,"comment_status":"closed","ping_status":"closed","sticky":false,"template":"","format":"standard","meta":{"sfsi_plus_gutenberg_text_before_share":"","sfsi_plus_gutenberg_show_text_before_share":"","sfsi_plus_gutenberg_icon_type":"","sfsi_plus_gutenberg_icon_alignemt":"","sfsi_plus_gutenburg_max_per_row":"","footnotes":""},"categories":[11],"tags":[],"class_list":["post-97144","post","type-post","status-publish","format-standard","has-post-thumbnail","hentry","category-politica"],"_links":{"self":[{"href":"https:\/\/www.caririemacao.com\/1\/wp-json\/wp\/v2\/posts\/97144","targetHints":{"allow":["GET"]}}],"collection":[{"href":"https:\/\/www.caririemacao.com\/1\/wp-json\/wp\/v2\/posts"}],"about":[{"href":"https:\/\/www.caririemacao.com\/1\/wp-json\/wp\/v2\/types\/post"}],"author":[{"embeddable":true,"href":"https:\/\/www.caririemacao.com\/1\/wp-json\/wp\/v2\/users\/1"}],"replies":[{"embeddable":true,"href":"https:\/\/www.caririemacao.com\/1\/wp-json\/wp\/v2\/comments?post=97144"}],"version-history":[{"count":1,"href":"https:\/\/www.caririemacao.com\/1\/wp-json\/wp\/v2\/posts\/97144\/revisions"}],"predecessor-version":[{"id":97146,"href":"https:\/\/www.caririemacao.com\/1\/wp-json\/wp\/v2\/posts\/97144\/revisions\/97146"}],"wp:featuredmedia":[{"embeddable":true,"href":"https:\/\/www.caririemacao.com\/1\/wp-json\/wp\/v2\/media\/97145"}],"wp:attachment":[{"href":"https:\/\/www.caririemacao.com\/1\/wp-json\/wp\/v2\/media?parent=97144"}],"wp:term":[{"taxonomy":"category","embeddable":true,"href":"https:\/\/www.caririemacao.com\/1\/wp-json\/wp\/v2\/categories?post=97144"},{"taxonomy":"post_tag","embeddable":true,"href":"https:\/\/www.caririemacao.com\/1\/wp-json\/wp\/v2\/tags?post=97144"}],"curies":[{"name":"wp","href":"https:\/\/api.w.org\/{rel}","templated":true}]}}