{"id":97164,"date":"2019-05-29T18:46:32","date_gmt":"2019-05-29T21:46:32","guid":{"rendered":"http:\/\/www.caririemacao.com\/1\/?p=97164"},"modified":"2019-05-29T18:46:32","modified_gmt":"2019-05-29T21:46:32","slug":"tse-homologa-a-fusao-de-dois-partidos-politicos","status":"publish","type":"post","link":"https:\/\/www.caririemacao.com\/1\/2019\/05\/29\/tse-homologa-a-fusao-de-dois-partidos-politicos\/","title":{"rendered":"TSE homologa a fus\u00e3o de dois partidos pol\u00edticos"},"content":{"rendered":"\n<p>Na sess\u00e3o administrativa desta ter\u00e7a-feira (28), os ministros do Tribunal Superior Eleitoral (TSE) aprovaram, por unanimidade, a incorpora\u00e7\u00e3o do Partido P\u00e1tria Livre (PPL) ao Partido Comunista do Brasil (PCdoB).<\/p>\n\n\n\n<p>Como resultado da incorpora\u00e7\u00e3o, a Corte determinou ainda que devem ser somados os votos obtidos pelas siglas no \u00faltimo pleito geral (Elei\u00e7\u00f5es de 2018) para a C\u00e2mara dos Deputados, para efeito da distribui\u00e7\u00e3o dos recursos do Fundo Partid\u00e1rio e do acesso gratuito ao r\u00e1dio e \u00e0 televis\u00e3o.<\/p>\n\n\n\n<p>Em seu voto, o relator do processo, ministro Lu\u00eds Roberto Barroso, lembrou a previs\u00e3o constitucional de que \u201c\u00e9 livre a cria\u00e7\u00e3o, fus\u00e3o, incorpora\u00e7\u00e3o e extin\u00e7\u00e3o de partidos pol\u00edticos\u201d, sendo assegurada \u00e0s legendas autonomia para definir sua estrutura interna, organiza\u00e7\u00e3o e funcionamento.<\/p>\n\n\n\n<p>Segundo Barroso, os requisitos legais para a incorpora\u00e7\u00e3o foram atendidos, entre eles o de que os partidos interessados tenham obtido o registro definitivo no TSE h\u00e1, pelo menos, cinco anos.<\/p>\n\n\n\n<p>O ministro ressaltou tamb\u00e9m que o \u00f3rg\u00e3o nacional do PPL deliberou por maioria absoluta de votos sobre a ado\u00e7\u00e3o do estatuto e do programa do PCdoB.<\/p>\n\n\n\n<p>\u201cA averba\u00e7\u00e3o da incorpora\u00e7\u00e3o de partido pol\u00edtico depende do preenchimento de requisitos objetivos impostos pela legisla\u00e7\u00e3o eleitoral. Os requisitos legais para a incorpora\u00e7\u00e3o do PPL ao PCdoB foram observados\u201d, disse.<\/p>\n\n\n\n<p>Sobre o patrim\u00f4nio da funda\u00e7\u00e3o de partido, conforme prev\u00ea o artigo 44, par\u00e1grafo IV, da Lei n\u00b0 9.096\/1995 (Lei dos Partidos Pol\u00edticos), os ministros entenderam que os recursos devem ser revertidos ao ente que vier a suced\u00ea-lo.<\/p>\n\n\n\n<p>No caso em quest\u00e3o, o TSE concedeu um prazo de 60 dias para que o PCdoB comprove a correta destina\u00e7\u00e3o do patrim\u00f4nio da Funda\u00e7\u00e3o Instituto Claudio Campos, criada pelo PPL.<\/p>\n","protected":false},"excerpt":{"rendered":"<p>Na sess\u00e3o administrativa desta ter\u00e7a-feira (28), os ministros do Tribunal Superior Eleitoral (TSE) aprovaram, por unanimidade, a incorpora\u00e7\u00e3o do Partido P\u00e1tria Livre (PPL) ao Partido&hellip; <\/p>\n","protected":false},"author":1,"featured_media":86842,"comment_status":"closed","ping_status":"closed","sticky":false,"template":"","format":"standard","meta":{"sfsi_plus_gutenberg_text_before_share":"","sfsi_plus_gutenberg_show_text_before_share":"","sfsi_plus_gutenberg_icon_type":"","sfsi_plus_gutenberg_icon_alignemt":"","sfsi_plus_gutenburg_max_per_row":"","footnotes":""},"categories":[11],"tags":[],"class_list":["post-97164","post","type-post","status-publish","format-standard","has-post-thumbnail","hentry","category-politica"],"_links":{"self":[{"href":"https:\/\/www.caririemacao.com\/1\/wp-json\/wp\/v2\/posts\/97164","targetHints":{"allow":["GET"]}}],"collection":[{"href":"https:\/\/www.caririemacao.com\/1\/wp-json\/wp\/v2\/posts"}],"about":[{"href":"https:\/\/www.caririemacao.com\/1\/wp-json\/wp\/v2\/types\/post"}],"author":[{"embeddable":true,"href":"https:\/\/www.caririemacao.com\/1\/wp-json\/wp\/v2\/users\/1"}],"replies":[{"embeddable":true,"href":"https:\/\/www.caririemacao.com\/1\/wp-json\/wp\/v2\/comments?post=97164"}],"version-history":[{"count":1,"href":"https:\/\/www.caririemacao.com\/1\/wp-json\/wp\/v2\/posts\/97164\/revisions"}],"predecessor-version":[{"id":97165,"href":"https:\/\/www.caririemacao.com\/1\/wp-json\/wp\/v2\/posts\/97164\/revisions\/97165"}],"wp:featuredmedia":[{"embeddable":true,"href":"https:\/\/www.caririemacao.com\/1\/wp-json\/wp\/v2\/media\/86842"}],"wp:attachment":[{"href":"https:\/\/www.caririemacao.com\/1\/wp-json\/wp\/v2\/media?parent=97164"}],"wp:term":[{"taxonomy":"category","embeddable":true,"href":"https:\/\/www.caririemacao.com\/1\/wp-json\/wp\/v2\/categories?post=97164"},{"taxonomy":"post_tag","embeddable":true,"href":"https:\/\/www.caririemacao.com\/1\/wp-json\/wp\/v2\/tags?post=97164"}],"curies":[{"name":"wp","href":"https:\/\/api.w.org\/{rel}","templated":true}]}}