{"id":97175,"date":"2019-05-29T22:13:18","date_gmt":"2019-05-30T01:13:18","guid":{"rendered":"http:\/\/www.caririemacao.com\/1\/?p=97175"},"modified":"2019-05-29T22:13:18","modified_gmt":"2019-05-30T01:13:18","slug":"deputado-moacir-rodrigues-se-diz-preocupado-com-a-situacao-hidrica-do-brejo","status":"publish","type":"post","link":"https:\/\/www.caririemacao.com\/1\/2019\/05\/29\/deputado-moacir-rodrigues-se-diz-preocupado-com-a-situacao-hidrica-do-brejo\/","title":{"rendered":"Deputado Moacir Rodrigues se diz preocupado com a situa\u00e7\u00e3o h\u00eddrica do Brejo"},"content":{"rendered":"\n<p>Em recente visita ao Brejo Paraibano, em especial \u00e0 cidade de Esperan\u00e7a, a situa\u00e7\u00e3o h\u00eddrica chamou aten\u00e7\u00e3o do deputado estadual, Moacir Rodrigues, que relatou que a pouco mais de dois meses a cidade era completamente abastecida por carros pipa e agora recebe \u00e1gua em poucos pontos da cidade atrav\u00e9s da CAGEPA. Esse pequeno abastecimento \u00e9 proveniente da cidade de Areia.<\/p>\n\n\n\n<p>Segundo o parlamentar, a cidade de Esperan\u00e7a \u00e9 a 15\u00aa\neconomia do Estado da Para\u00edba, mas sofre com a escassez d\u2019agua que impede o\ndesenvolvimento econ\u00f4mico da regi\u00e3o. \u201cAs solu\u00e7\u00f5es para o problema \u00e9 interligar\nas \u00e1guas da transposi\u00e7\u00e3o do Rio S\u00e3o Francisco a barragem de Camar\u00e1 ou realizar\na conex\u00e3o vinda da adutora de boqueir\u00e3o\u201d, acrescentou. <\/p>\n\n\n\n<p>O deputado Moacir disse a equipe do Cariri em A\u00e7\u00e3o que\nexiste outra triste realidade que \u00e9 a falta de tratamento do esgoto, que segue\num percurso at\u00e9 a zona rural e des\u00e1gua no principal a\u00e7ude da cidade. \u201cO Governo\ndo Estado precisa de um projeto para trazer \u00e1gua ao brejo da Para\u00edba e para o\ndesenvolvimento econ\u00f4mico da regi\u00e3o\u201d, complementou.<\/p>\n","protected":false},"excerpt":{"rendered":"<p>Em recente visita ao Brejo Paraibano, em especial \u00e0 cidade de Esperan\u00e7a, a situa\u00e7\u00e3o h\u00eddrica chamou aten\u00e7\u00e3o do deputado estadual, Moacir Rodrigues, que relatou que&hellip; <\/p>\n","protected":false},"author":2,"featured_media":97186,"comment_status":"closed","ping_status":"closed","sticky":false,"template":"","format":"standard","meta":{"sfsi_plus_gutenberg_text_before_share":"","sfsi_plus_gutenberg_show_text_before_share":"","sfsi_plus_gutenberg_icon_type":"","sfsi_plus_gutenberg_icon_alignemt":"","sfsi_plus_gutenburg_max_per_row":"","footnotes":""},"categories":[50,11],"tags":[],"class_list":["post-97175","post","type-post","status-publish","format-standard","has-post-thumbnail","hentry","category-destaque","category-politica"],"_links":{"self":[{"href":"https:\/\/www.caririemacao.com\/1\/wp-json\/wp\/v2\/posts\/97175","targetHints":{"allow":["GET"]}}],"collection":[{"href":"https:\/\/www.caririemacao.com\/1\/wp-json\/wp\/v2\/posts"}],"about":[{"href":"https:\/\/www.caririemacao.com\/1\/wp-json\/wp\/v2\/types\/post"}],"author":[{"embeddable":true,"href":"https:\/\/www.caririemacao.com\/1\/wp-json\/wp\/v2\/users\/2"}],"replies":[{"embeddable":true,"href":"https:\/\/www.caririemacao.com\/1\/wp-json\/wp\/v2\/comments?post=97175"}],"version-history":[{"count":1,"href":"https:\/\/www.caririemacao.com\/1\/wp-json\/wp\/v2\/posts\/97175\/revisions"}],"predecessor-version":[{"id":97188,"href":"https:\/\/www.caririemacao.com\/1\/wp-json\/wp\/v2\/posts\/97175\/revisions\/97188"}],"wp:featuredmedia":[{"embeddable":true,"href":"https:\/\/www.caririemacao.com\/1\/wp-json\/wp\/v2\/media\/97186"}],"wp:attachment":[{"href":"https:\/\/www.caririemacao.com\/1\/wp-json\/wp\/v2\/media?parent=97175"}],"wp:term":[{"taxonomy":"category","embeddable":true,"href":"https:\/\/www.caririemacao.com\/1\/wp-json\/wp\/v2\/categories?post=97175"},{"taxonomy":"post_tag","embeddable":true,"href":"https:\/\/www.caririemacao.com\/1\/wp-json\/wp\/v2\/tags?post=97175"}],"curies":[{"name":"wp","href":"https:\/\/api.w.org\/{rel}","templated":true}]}}