{"id":97176,"date":"2019-05-29T22:05:11","date_gmt":"2019-05-30T01:05:11","guid":{"rendered":"http:\/\/www.caririemacao.com\/1\/?p=97176"},"modified":"2019-05-29T22:05:11","modified_gmt":"2019-05-30T01:05:11","slug":"prefeita-e-secretaria-de-educacao-recepcionam-novos-alunos-do-eja-na-vila-lafayette","status":"publish","type":"post","link":"https:\/\/www.caririemacao.com\/1\/2019\/05\/29\/prefeita-e-secretaria-de-educacao-recepcionam-novos-alunos-do-eja-na-vila-lafayette\/","title":{"rendered":"Prefeita e Secret\u00e1ria de Educa\u00e7\u00e3o recepcionam novos alunos do EJA na Vila Lafayette"},"content":{"rendered":"\n<p>Dar a volta por cima \u00e9 a busca de muitos brasileiros que n\u00e3o tiveram a oportunidade de concluir o ensino b\u00e1sico quando jovens. Pensando nesta realidade, a Prefeitura Municipal de Monteiro atrav\u00e9s da secretaria de educa\u00e7\u00e3o do munic\u00edpio est\u00e1 disponibilizando \u00e0 comunidade da Vila Lafayette uma forma acess\u00edvel de terminar os estudos por meio do EJA.<\/p>\n\n\n\n<p>Na \u00faltima semana a prefeita Anna Lorena esteve ao lado de secret\u00e1rios municipais, vereadores e autoridades para dar as boas vindas aos mais novos alunos da Rede Municipal de Ensino na aula inaugural do EJA.<\/p>\n\n\n\n<p>A EJA \u2013 Educa\u00e7\u00e3o Jovens e Adultos \u00e9 uma modalidade de ensino que inclui os n\u00edveis da Educa\u00e7\u00e3o B\u00e1sica \u2013 Ensino Fundamental e M\u00e9dio, destinada \u00e0s pessoas que n\u00e3o tiveram acesso \u00e0 escola na idade convencional.<\/p>\n\n\n\n<p>J\u00e1 o EJA \u2013 Ensino Fundamental anos iniciais \u00e9 destinada aos jovens a partir de 15 anos que ainda n\u00e3o conclu\u00edram os seus estudos do Fundamental (1\u00b0 ao 5\u00b0 ano). Nesse per\u00edodo, o processo de ensino-aprendizado interage e proporciona aos alunos diferentes formas de pensar e aprender.<\/p>\n\n\n\n<p>De acordo com informa\u00e7\u00f5es da Secret\u00e1ria de Educa\u00e7\u00e3o, Ana Lima, a Rede Municipal de Monteiro j\u00e1 atendeu v\u00e1rios alunos de comunidades rurais nessa modalidade de Ensino, a exemplo de Santa Catarina, Garapa, Barreiros, Cacimba de Cima e agora a contemplada foi a Vila Produtiva Lafayete.<\/p>\n\n\n\n<p>Como funciona a EJA?<\/p>\n\n\n\n<p>Por se tratar de jovens e adultos que, em sua maioria, precisam conciliar trabalho e estudo, os cursos EJA geralmente ocorrem no per\u00edodo noturno e possuem uma carga hor\u00e1ria menor se comparada ao ensino regular. As mat\u00e9rias do EJA s\u00e3o correspondentes ao estabelecido pela Base Nacional Comum Curricular (BNCC). Dessa forma, os estudantes do EJA t\u00eam acesso as mesmas disciplinas estudadas na escola regular.<\/p>\n\n\n\n<p>\u201cA turma de EJA da Vila Produtiva Lafayete foi aberta com cerca de 25 matr\u00edculas e vai atender tamb\u00e9m alunos das comunidades de Bredos ,Mulungu e Rigideira. Para realizar o traslado desses alunos a Secretaria de Educa\u00e7\u00e3o atrav\u00e9s da Prefeitura Municipal de Monteiro oferece, merenda,&nbsp;&nbsp;material escolar e transporte escolar garantindo assim o acesso e a perman\u00eancia dos educandos at\u00e9 o final do curso.<\/p>\n","protected":false},"excerpt":{"rendered":"<p>Dar a volta por cima \u00e9 a busca de muitos brasileiros que n\u00e3o tiveram a oportunidade de concluir o ensino b\u00e1sico quando jovens. Pensando nesta&hellip; <\/p>\n","protected":false},"author":1,"featured_media":97177,"comment_status":"closed","ping_status":"closed","sticky":false,"template":"","format":"standard","meta":{"sfsi_plus_gutenberg_text_before_share":"","sfsi_plus_gutenberg_show_text_before_share":"","sfsi_plus_gutenberg_icon_type":"","sfsi_plus_gutenberg_icon_alignemt":"","sfsi_plus_gutenburg_max_per_row":"","footnotes":""},"categories":[50,14],"tags":[],"class_list":["post-97176","post","type-post","status-publish","format-standard","has-post-thumbnail","hentry","category-destaque","category-educacao"],"_links":{"self":[{"href":"https:\/\/www.caririemacao.com\/1\/wp-json\/wp\/v2\/posts\/97176","targetHints":{"allow":["GET"]}}],"collection":[{"href":"https:\/\/www.caririemacao.com\/1\/wp-json\/wp\/v2\/posts"}],"about":[{"href":"https:\/\/www.caririemacao.com\/1\/wp-json\/wp\/v2\/types\/post"}],"author":[{"embeddable":true,"href":"https:\/\/www.caririemacao.com\/1\/wp-json\/wp\/v2\/users\/1"}],"replies":[{"embeddable":true,"href":"https:\/\/www.caririemacao.com\/1\/wp-json\/wp\/v2\/comments?post=97176"}],"version-history":[{"count":1,"href":"https:\/\/www.caririemacao.com\/1\/wp-json\/wp\/v2\/posts\/97176\/revisions"}],"predecessor-version":[{"id":97178,"href":"https:\/\/www.caririemacao.com\/1\/wp-json\/wp\/v2\/posts\/97176\/revisions\/97178"}],"wp:featuredmedia":[{"embeddable":true,"href":"https:\/\/www.caririemacao.com\/1\/wp-json\/wp\/v2\/media\/97177"}],"wp:attachment":[{"href":"https:\/\/www.caririemacao.com\/1\/wp-json\/wp\/v2\/media?parent=97176"}],"wp:term":[{"taxonomy":"category","embeddable":true,"href":"https:\/\/www.caririemacao.com\/1\/wp-json\/wp\/v2\/categories?post=97176"},{"taxonomy":"post_tag","embeddable":true,"href":"https:\/\/www.caririemacao.com\/1\/wp-json\/wp\/v2\/tags?post=97176"}],"curies":[{"name":"wp","href":"https:\/\/api.w.org\/{rel}","templated":true}]}}