{"id":97180,"date":"2019-05-29T22:08:24","date_gmt":"2019-05-30T01:08:24","guid":{"rendered":"http:\/\/www.caririemacao.com\/1\/?p=97180"},"modified":"2019-05-29T22:08:24","modified_gmt":"2019-05-30T01:08:24","slug":"prefeitura-inicia-pagamento-do-funcionalismo-municipal-nesta-quarta-feira","status":"publish","type":"post","link":"https:\/\/www.caririemacao.com\/1\/2019\/05\/29\/prefeitura-inicia-pagamento-do-funcionalismo-municipal-nesta-quarta-feira\/","title":{"rendered":"Prefeitura inicia pagamento do funcionalismo municipal nesta quarta-feira"},"content":{"rendered":"\n<p>Garantindo o compromisso firmado em campanha, a prefeita Anna Lorena, por meio da Secretaria de Finan\u00e7as realiza o pagamento em dias.<\/p>\n\n\n\n<p>Os funcion\u00e1rios municipais inativos deram in\u00edcio \u00e0 rodada de pagamentos do m\u00eas de maio nesta quarta-feira, 29. Na quinta-feira, 30, recebem os profissionais da educa\u00e7\u00e3o, e na sexta os demais integrantes da folha.<\/p>\n\n\n\n<p>A economia monteirense ganhar\u00e1 um incremento de mais de 2 milh\u00f5es de reais, gerando a movimenta\u00e7\u00e3o financeira e giro monet\u00e1rio.&nbsp;&nbsp;<\/p>\n","protected":false},"excerpt":{"rendered":"<p>Garantindo o compromisso firmado em campanha, a prefeita Anna Lorena, por meio da Secretaria de Finan\u00e7as realiza o pagamento em dias. Os funcion\u00e1rios municipais inativos&hellip; <\/p>\n","protected":false},"author":1,"featured_media":86871,"comment_status":"closed","ping_status":"closed","sticky":false,"template":"","format":"standard","meta":{"sfsi_plus_gutenberg_text_before_share":"","sfsi_plus_gutenberg_show_text_before_share":"","sfsi_plus_gutenberg_icon_type":"","sfsi_plus_gutenberg_icon_alignemt":"","sfsi_plus_gutenburg_max_per_row":"","footnotes":""},"categories":[6,50],"tags":[],"class_list":["post-97180","post","type-post","status-publish","format-standard","has-post-thumbnail","hentry","category-cidades","category-destaque"],"_links":{"self":[{"href":"https:\/\/www.caririemacao.com\/1\/wp-json\/wp\/v2\/posts\/97180","targetHints":{"allow":["GET"]}}],"collection":[{"href":"https:\/\/www.caririemacao.com\/1\/wp-json\/wp\/v2\/posts"}],"about":[{"href":"https:\/\/www.caririemacao.com\/1\/wp-json\/wp\/v2\/types\/post"}],"author":[{"embeddable":true,"href":"https:\/\/www.caririemacao.com\/1\/wp-json\/wp\/v2\/users\/1"}],"replies":[{"embeddable":true,"href":"https:\/\/www.caririemacao.com\/1\/wp-json\/wp\/v2\/comments?post=97180"}],"version-history":[{"count":1,"href":"https:\/\/www.caririemacao.com\/1\/wp-json\/wp\/v2\/posts\/97180\/revisions"}],"predecessor-version":[{"id":97182,"href":"https:\/\/www.caririemacao.com\/1\/wp-json\/wp\/v2\/posts\/97180\/revisions\/97182"}],"wp:featuredmedia":[{"embeddable":true,"href":"https:\/\/www.caririemacao.com\/1\/wp-json\/wp\/v2\/media\/86871"}],"wp:attachment":[{"href":"https:\/\/www.caririemacao.com\/1\/wp-json\/wp\/v2\/media?parent=97180"}],"wp:term":[{"taxonomy":"category","embeddable":true,"href":"https:\/\/www.caririemacao.com\/1\/wp-json\/wp\/v2\/categories?post=97180"},{"taxonomy":"post_tag","embeddable":true,"href":"https:\/\/www.caririemacao.com\/1\/wp-json\/wp\/v2\/tags?post=97180"}],"curies":[{"name":"wp","href":"https:\/\/api.w.org\/{rel}","templated":true}]}}