{"id":97199,"date":"2019-05-29T22:33:43","date_gmt":"2019-05-30T01:33:43","guid":{"rendered":"http:\/\/www.caririemacao.com\/1\/?p=97199"},"modified":"2019-05-29T22:33:43","modified_gmt":"2019-05-30T01:33:43","slug":"prefeitura-inicia-capacitacao-com-tablets-para-profissionais-de-saude-de-prata","status":"publish","type":"post","link":"https:\/\/www.caririemacao.com\/1\/2019\/05\/29\/prefeitura-inicia-capacitacao-com-tablets-para-profissionais-de-saude-de-prata\/","title":{"rendered":"Prefeitura inicia capacita\u00e7\u00e3o com tablets para profissionais de sa\u00fade de Prata"},"content":{"rendered":"\n<p>A Prefeitura Municipal da Prata, atrav\u00e9s da Secretaria Municipal\nde Sa\u00fade vem investindo em tecnologia, capacita\u00e7\u00e3o e treinando os profissionais\nda sa\u00fade para usarem tablets na presta\u00e7\u00e3o dos servi\u00e7os. <\/p>\n\n\n\n<p>De acordo com a secret\u00e1ria de sa\u00fade, Maria Aparecida, a\npartir desse investimento, todos os servi\u00e7os ser\u00e3o supervisionados em tempo\nreal, tanto pela gest\u00e3o, como pelo pr\u00f3prio Minist\u00e9rio da Sa\u00fade.<\/p>\n\n\n\n<p>Ela informou que o treinamento foi iniciado nesta\nquarta-feira, dia 29, com os Agentes Comunit\u00e1rios de Sa\u00fade. Nesta quinta-feira,\ndia 30\/05 ser\u00e3o capacitados os Agentes Comunit\u00e1rios de Endemias pela manh\u00e3, e\nno per\u00edodo da tarde ser\u00e3o os enfermeiros, coordenadores e gestor. <\/p>\n\n\n\n<p>Na ocasi\u00e3o, o prefeito J\u00fanior N\u00f3brega entregar\u00e1 os Tablets e\nfardamento para os profissionais.<\/p>\n","protected":false},"excerpt":{"rendered":"<p>A Prefeitura Municipal da Prata, atrav\u00e9s da Secretaria Municipal de Sa\u00fade vem investindo em tecnologia, capacita\u00e7\u00e3o e treinando os profissionais da sa\u00fade para usarem tablets&hellip; <\/p>\n","protected":false},"author":2,"featured_media":97200,"comment_status":"closed","ping_status":"closed","sticky":false,"template":"","format":"standard","meta":{"sfsi_plus_gutenberg_text_before_share":"","sfsi_plus_gutenberg_show_text_before_share":"","sfsi_plus_gutenberg_icon_type":"","sfsi_plus_gutenberg_icon_alignemt":"","sfsi_plus_gutenburg_max_per_row":"","footnotes":""},"categories":[6,50],"tags":[],"class_list":["post-97199","post","type-post","status-publish","format-standard","has-post-thumbnail","hentry","category-cidades","category-destaque"],"_links":{"self":[{"href":"https:\/\/www.caririemacao.com\/1\/wp-json\/wp\/v2\/posts\/97199","targetHints":{"allow":["GET"]}}],"collection":[{"href":"https:\/\/www.caririemacao.com\/1\/wp-json\/wp\/v2\/posts"}],"about":[{"href":"https:\/\/www.caririemacao.com\/1\/wp-json\/wp\/v2\/types\/post"}],"author":[{"embeddable":true,"href":"https:\/\/www.caririemacao.com\/1\/wp-json\/wp\/v2\/users\/2"}],"replies":[{"embeddable":true,"href":"https:\/\/www.caririemacao.com\/1\/wp-json\/wp\/v2\/comments?post=97199"}],"version-history":[{"count":1,"href":"https:\/\/www.caririemacao.com\/1\/wp-json\/wp\/v2\/posts\/97199\/revisions"}],"predecessor-version":[{"id":97201,"href":"https:\/\/www.caririemacao.com\/1\/wp-json\/wp\/v2\/posts\/97199\/revisions\/97201"}],"wp:featuredmedia":[{"embeddable":true,"href":"https:\/\/www.caririemacao.com\/1\/wp-json\/wp\/v2\/media\/97200"}],"wp:attachment":[{"href":"https:\/\/www.caririemacao.com\/1\/wp-json\/wp\/v2\/media?parent=97199"}],"wp:term":[{"taxonomy":"category","embeddable":true,"href":"https:\/\/www.caririemacao.com\/1\/wp-json\/wp\/v2\/categories?post=97199"},{"taxonomy":"post_tag","embeddable":true,"href":"https:\/\/www.caririemacao.com\/1\/wp-json\/wp\/v2\/tags?post=97199"}],"curies":[{"name":"wp","href":"https:\/\/api.w.org\/{rel}","templated":true}]}}