{"id":97202,"date":"2019-05-30T06:35:07","date_gmt":"2019-05-30T09:35:07","guid":{"rendered":"http:\/\/www.caririemacao.com\/1\/?p=97202"},"modified":"2019-05-30T06:35:07","modified_gmt":"2019-05-30T09:35:07","slug":"fortaleza-volta-a-vencer-botafogo-pb-e-conquista-o-nordestao-2019","status":"publish","type":"post","link":"https:\/\/www.caririemacao.com\/1\/2019\/05\/30\/fortaleza-volta-a-vencer-botafogo-pb-e-conquista-o-nordestao-2019\/","title":{"rendered":"Fortaleza volta a vencer Botafogo-PB e conquista o Nordest\u00e3o 2019"},"content":{"rendered":"\n<p><br>Uma grande festa foi montada para a decis\u00e3o da Copa do Nordeste 2019 na noite desta quarta-feira (29), no est\u00e1dio Almeid\u00e3o, em Jo\u00e3o Pessoa. Mas quem aproveitou mesmo foram os visitantes.<\/p>\n\n\n\n<p>O organizado Fortaleza de Rog\u00e9rio Ceni&nbsp;se aproveitou de um vacilo da zaga do Botafogo-PB no in\u00edcio do jogo para fazer 1 a 0, segurar o placar at\u00e9 o final e levantar a \u201cOrelhuda Nordestina\u201d em pleno est\u00e1dio Almeid\u00e3o, lotado com uma maioria botafoguense.<\/p>\n\n\n\n<figure class=\"wp-block-image\"><img decoding=\"async\" data-src=\"https:\/\/paraibaonline.com.br\/wp-content\/uploads\/2019\/05\/Belo0x1FEC.jpeg\" alt=\"\" class=\"wp-image-740609 lazyload\" src=\"data:image\/svg+xml;base64,PHN2ZyB3aWR0aD0iMSIgaGVpZ2h0PSIxIiB4bWxucz0iaHR0cDovL3d3dy53My5vcmcvMjAwMC9zdmciPjwvc3ZnPg==\" \/><\/figure>\n\n\n\n<p>Foto: Voz da Torcida<\/p>\n\n\n\n<p>Precisando da vit\u00f3ria, a tarefa do Belo ficou complicada logo cedo. Aos 3 minutos, Lula se precipitou ao afastar a bola, que explodiu em Tinga e sobrou para Wellington Paulista. Livre, quase na pequena \u00e1rea, o centroavante encheu o p\u00e9 direito para abrir o marcador.<\/p>\n\n\n\n<p>Visivelmente nervoso, o Belo se atrapalhava todo na defesa e n\u00e3o conseguia encaixar uma troca de passes para encontrar espa\u00e7os na defesa tricolor, que se compactava muito bem e n\u00e3o oferecia oportunidades de infiltra\u00e7\u00e3o.<\/p>\n\n\n\n<p>O Botafogo-PB s\u00f3 conseguiu chegar com perigo aos 33 minutos, quando Marcos Aur\u00e9lio apareceu bem pela primeira vez. O camisa 10 chutou da meia esquerda com veneno, a bola quicou no gramado molhado e quase enganou Marcelo Boeck, mas o arqueiro cearense caiu para o canto esquerdo e conseguiu espalmar a bola.<\/p>\n\n\n\n<p><strong>Segundo tempo<\/strong><\/p>\n\n\n\n<p>No primeiro lance ap\u00f3s o intervalo, Clayton cobrou falta da esquerda ainda com 1 minuto, e Lula subiu mais que todo mundo para desviar de cabe\u00e7a, mas Marcelo Boeck rebateu para frente. Na sobra, Marcos Vinicius trope\u00e7ou na bola e n\u00e3o conseguiu concluir.<\/p>\n\n\n\n<p>Tentando pressionar, o Belo criou de novo aos 9 minutos, quando Clayton fez jogada pela direita e cruzou no segundo pau, onde F\u00e1bio Alves cabeceou livre para o ch\u00e3o, e a bola passou raspando a meta esquerda do Fortaleza.<\/p>\n\n\n\n<p>Em bola cruzada na \u00e1rea, o time da estrela vermelha voltou a assustar aos 25 minutos. Nando cruzou da direita e Dico dominou na segunda trave, limpou o marcador e bateu de esquerda, mas o goleiro do Le\u00e3o do Pici fez a defesa.<\/p>\n\n\n\n<p>Como o Belo n\u00e3o fazia, o Fortaleza se sentiu a vontade para chegar ao ataque. Aos 29 minutos, em boa trama pela direita, Marlon invadiu a \u00e1rea pela direita e cruzou para o meio da \u00e1rea, e Marcinho, sozinho em cima da linha do gol, conseguiu isolar e perder um gol feito.<\/p>\n\n\n\n<p>Ap\u00f3s os 30 minutos, quase todas as aten\u00e7\u00f5es se voltaram para a arquibancada. A torcida do Botafogo-PB na arquibancada sol soltou um roj\u00e3o no lado reservado aos tricolores. A Pol\u00edcia Militar, por sua vez, reagiu soltando tiros de bala de borracha e spray de pimenta no lado atingido, causando uma confus\u00e3o generalizada que durou quase 10 minutos, enquanto a bola rolava no gramado.<\/p>\n\n\n\n<p>Com o placar agregado de 2 a 0, o Fortaleza venceu o Botafogo-PB e ficou com o t\u00edtulo da Copa do Nordeste pela primeira vez em sua hist\u00f3ria.<\/p>\n\n\n\n<p><strong>Ficha t\u00e9cnica<\/strong><\/p>\n\n\n\n<p>Botafogo-PB 0 x 1 Fortaleza (agregado 0 x 2)<\/p>\n\n\n\n<p>Copa do Nordeste de 2019 (2\u00ba jogo das finais)<br>Est\u00e1dio: Almeid\u00e3o (Jo\u00e3o Pessoa)<\/p>\n\n\n\n<p><strong>Arbitragem<\/strong>: Caio Max Augusto Vieira (RN); Jean M\u00e1rcio dos Santos (RN) e Vinicius Melo de Lima (RN)<br>VAR: Heber Roberto Lopes (SC)<\/p>\n\n\n\n<p><strong>Cart\u00f5es amarelos<\/strong>: Rog\u00e9rio, Marcos Aur\u00e9lio, Enercino, Saulo, Marcos Vinicius (B); Araruna, Carlinhos, J\u00fanior Santos (F)<\/p>\n\n\n\n<p><strong>Gol<\/strong>: Wellington Paulista (F)<\/p>\n\n\n\n<p><strong>Botafogo-PB<\/strong>: Saulo, Israel, Lula, Donato, F\u00e1bio Alves; Rog\u00e9rio (Dico), Wellington C\u00e9zar (Paulo Ren\u00ea), Marcos Vinicius, Clayton, Marcos Aur\u00e9lio (Enercino); Nando. T\u00e9cnico: Evaristo Piza.<\/p>\n\n\n\n<p><strong>Fortaleza:<\/strong>&nbsp;Marcelo Boeck, Tinga, Quintero, Roger Carvalho, Carlinhos; Felipe, Araruna; Romarinho (Marlon), Osvaldo (Marcinho), J\u00fanior Santos e Wellington Paulista (Dod\u00f4). T\u00e9cnico: Rog\u00e9rio Ceni.<\/p>\n","protected":false},"excerpt":{"rendered":"<p>Uma grande festa foi montada para a decis\u00e3o da Copa do Nordeste 2019 na noite desta quarta-feira (29), no est\u00e1dio Almeid\u00e3o, em Jo\u00e3o Pessoa. Mas&hellip; <\/p>\n","protected":false},"author":1,"featured_media":97203,"comment_status":"closed","ping_status":"closed","sticky":false,"template":"","format":"standard","meta":{"sfsi_plus_gutenberg_text_before_share":"","sfsi_plus_gutenberg_show_text_before_share":"","sfsi_plus_gutenberg_icon_type":"","sfsi_plus_gutenberg_icon_alignemt":"","sfsi_plus_gutenburg_max_per_row":"","footnotes":""},"categories":[13],"tags":[],"class_list":["post-97202","post","type-post","status-publish","format-standard","has-post-thumbnail","hentry","category-esportes"],"_links":{"self":[{"href":"https:\/\/www.caririemacao.com\/1\/wp-json\/wp\/v2\/posts\/97202","targetHints":{"allow":["GET"]}}],"collection":[{"href":"https:\/\/www.caririemacao.com\/1\/wp-json\/wp\/v2\/posts"}],"about":[{"href":"https:\/\/www.caririemacao.com\/1\/wp-json\/wp\/v2\/types\/post"}],"author":[{"embeddable":true,"href":"https:\/\/www.caririemacao.com\/1\/wp-json\/wp\/v2\/users\/1"}],"replies":[{"embeddable":true,"href":"https:\/\/www.caririemacao.com\/1\/wp-json\/wp\/v2\/comments?post=97202"}],"version-history":[{"count":1,"href":"https:\/\/www.caririemacao.com\/1\/wp-json\/wp\/v2\/posts\/97202\/revisions"}],"predecessor-version":[{"id":97204,"href":"https:\/\/www.caririemacao.com\/1\/wp-json\/wp\/v2\/posts\/97202\/revisions\/97204"}],"wp:featuredmedia":[{"embeddable":true,"href":"https:\/\/www.caririemacao.com\/1\/wp-json\/wp\/v2\/media\/97203"}],"wp:attachment":[{"href":"https:\/\/www.caririemacao.com\/1\/wp-json\/wp\/v2\/media?parent=97202"}],"wp:term":[{"taxonomy":"category","embeddable":true,"href":"https:\/\/www.caririemacao.com\/1\/wp-json\/wp\/v2\/categories?post=97202"},{"taxonomy":"post_tag","embeddable":true,"href":"https:\/\/www.caririemacao.com\/1\/wp-json\/wp\/v2\/tags?post=97202"}],"curies":[{"name":"wp","href":"https:\/\/api.w.org\/{rel}","templated":true}]}}