{"id":97219,"date":"2019-05-30T06:46:50","date_gmt":"2019-05-30T09:46:50","guid":{"rendered":"http:\/\/www.caririemacao.com\/1\/?p=97219"},"modified":"2019-05-30T06:46:50","modified_gmt":"2019-05-30T09:46:50","slug":"municipios-da-pb-nao-aderem-ampliacao-no-horario-das-usfs","status":"publish","type":"post","link":"https:\/\/www.caririemacao.com\/1\/2019\/05\/30\/municipios-da-pb-nao-aderem-ampliacao-no-horario-das-usfs\/","title":{"rendered":"Munic\u00edpios da PB n\u00e3o aderem amplia\u00e7\u00e3o no hor\u00e1rio das USF\u2019s"},"content":{"rendered":"\n<p>Dados divulgados na \u00faltima quinta-feira (23) mostram que at\u00e9 o momento, nenhuma cidade da Para\u00edba aderiu \u00e0 campanha do Minist\u00e9rio de Sa\u00fade, \u2018Sa\u00fade na Hora\u2019, para que munic\u00edpios ampliem hor\u00e1rio de funcionamento das Unidades de Sa\u00fade da Fam\u00edlia (USF). O projeto garante que as cidades receber\u00e3o mais recursos do Governo Federal.<\/p>\n\n\n\n<p>De acordo com o Minist\u00e9rio da Sa\u00fade, a Para\u00edba possui 1.583 USF em funcionamento, sendo destas, 32 consideradas aptas para participar do programa. No total, 1.398 equipes de Sa\u00fade da Fam\u00edlia atuam pelo estado, cobrindo 94% da popula\u00e7\u00e3o, al\u00e9m de 1.292 Equipes de Sa\u00fade Bucal, alcan\u00e7ando 6,3 milh\u00f5es de pessoas.<\/p>\n\n\n\n<p>Presidente da Federa\u00e7\u00e3o das Associa\u00e7\u00f5es de Munic\u00edpios da Para\u00edba (Famup), George Coelho afirma que o valor que seria repassado pela pasta s\u00f3 contempla os custos com m\u00e9dicos, mas os outros valores precisariam ser por conta da cidade.&nbsp;&nbsp;\u201cTem que ter custo com energia, com equipamentos, enfermeiros, t\u00e9cnicos. Muitas prefeituras n\u00e3o t\u00eam condi\u00e7\u00f5es\u201d, argumenta.<\/p>\n\n\n\n<p>Conforme o Minist\u00e9rio da Sa\u00fade, o objetivo \u00e9 ampliar o acesso da popula\u00e7\u00e3o aos servi\u00e7os da Aten\u00e7\u00e3o Prim\u00e1ria, como consultas m\u00e9dicas e odontol\u00f3gicas, coleta de exames laboratoriais, aplica\u00e7\u00e3o de vacinas e acompanhamento pr\u00e9-natal. &nbsp;Com o programa, as USF\u2019s precisariam estar de portas abertas no hor\u00e1rio de almo\u00e7o e \u00e0 noite, podendo tamb\u00e9m abrir aos finais de semana.<\/p>\n\n\n\n<p><strong>MaisPB<\/strong><\/p>\n","protected":false},"excerpt":{"rendered":"<p>Dados divulgados na \u00faltima quinta-feira (23) mostram que at\u00e9 o momento, nenhuma cidade da Para\u00edba aderiu \u00e0 campanha do Minist\u00e9rio de Sa\u00fade, \u2018Sa\u00fade na Hora\u2019,&hellip; <\/p>\n","protected":false},"author":1,"featured_media":78268,"comment_status":"closed","ping_status":"closed","sticky":false,"template":"","format":"standard","meta":{"sfsi_plus_gutenberg_text_before_share":"","sfsi_plus_gutenberg_show_text_before_share":"","sfsi_plus_gutenberg_icon_type":"","sfsi_plus_gutenberg_icon_alignemt":"","sfsi_plus_gutenburg_max_per_row":"","footnotes":""},"categories":[50,16],"tags":[],"class_list":["post-97219","post","type-post","status-publish","format-standard","has-post-thumbnail","hentry","category-destaque","category-saude"],"_links":{"self":[{"href":"https:\/\/www.caririemacao.com\/1\/wp-json\/wp\/v2\/posts\/97219","targetHints":{"allow":["GET"]}}],"collection":[{"href":"https:\/\/www.caririemacao.com\/1\/wp-json\/wp\/v2\/posts"}],"about":[{"href":"https:\/\/www.caririemacao.com\/1\/wp-json\/wp\/v2\/types\/post"}],"author":[{"embeddable":true,"href":"https:\/\/www.caririemacao.com\/1\/wp-json\/wp\/v2\/users\/1"}],"replies":[{"embeddable":true,"href":"https:\/\/www.caririemacao.com\/1\/wp-json\/wp\/v2\/comments?post=97219"}],"version-history":[{"count":1,"href":"https:\/\/www.caririemacao.com\/1\/wp-json\/wp\/v2\/posts\/97219\/revisions"}],"predecessor-version":[{"id":97220,"href":"https:\/\/www.caririemacao.com\/1\/wp-json\/wp\/v2\/posts\/97219\/revisions\/97220"}],"wp:featuredmedia":[{"embeddable":true,"href":"https:\/\/www.caririemacao.com\/1\/wp-json\/wp\/v2\/media\/78268"}],"wp:attachment":[{"href":"https:\/\/www.caririemacao.com\/1\/wp-json\/wp\/v2\/media?parent=97219"}],"wp:term":[{"taxonomy":"category","embeddable":true,"href":"https:\/\/www.caririemacao.com\/1\/wp-json\/wp\/v2\/categories?post=97219"},{"taxonomy":"post_tag","embeddable":true,"href":"https:\/\/www.caririemacao.com\/1\/wp-json\/wp\/v2\/tags?post=97219"}],"curies":[{"name":"wp","href":"https:\/\/api.w.org\/{rel}","templated":true}]}}