{"id":97225,"date":"2019-05-30T11:21:46","date_gmt":"2019-05-30T14:21:46","guid":{"rendered":"http:\/\/www.caririemacao.com\/1\/?p=97225"},"modified":"2019-05-30T11:21:46","modified_gmt":"2019-05-30T14:21:46","slug":"sao-joao-do-tigre-tem-obras-realizadas-financias-em-dia-e-grandes-eventos","status":"publish","type":"post","link":"https:\/\/www.caririemacao.com\/1\/2019\/05\/30\/sao-joao-do-tigre-tem-obras-realizadas-financias-em-dia-e-grandes-eventos\/","title":{"rendered":"S\u00e3o Jo\u00e3o do Tigre tem obras realizadas, financias em dia e grandes eventos"},"content":{"rendered":"\n<p>A cidade de S\u00e3o Jo\u00e3o do Tigre definitivamente vive um de seus melhores momentos administrativos.<br>Esta semana, a gest\u00e3o municipal, confirmou que em breve contar\u00e1 com um centro dos mais organizados e bonitos de todo o cariri.<\/p>\n\n\n\n<figure class=\"wp-block-image\"><img fetchpriority=\"high\" decoding=\"async\" width=\"960\" height=\"720\" src=\"http:\/\/www.caririemacao.com\/1\/wp-content\/uploads\/2019\/05\/61448442_2245631858888958_1741194151413678080_n.jpg\" alt=\"\" class=\"wp-image-97226\" srcset=\"https:\/\/www.caririemacao.com\/1\/wp-content\/uploads\/2019\/05\/61448442_2245631858888958_1741194151413678080_n.jpg 960w, https:\/\/www.caririemacao.com\/1\/wp-content\/uploads\/2019\/05\/61448442_2245631858888958_1741194151413678080_n-300x225.jpg 300w, https:\/\/www.caririemacao.com\/1\/wp-content\/uploads\/2019\/05\/61448442_2245631858888958_1741194151413678080_n-768x576.jpg 768w\" sizes=\"(max-width: 960px) 100vw, 960px\" \/><\/figure>\n\n\n\n<p><br>Segundo o secret\u00e1rio de finan\u00e7as M\u00e1rcio Leite, S\u00e3o Jo\u00e3o do Tigre est\u00e1 passando por uma grande transforma\u00e7\u00e3o arquitet\u00f4nica atrav\u00e9s do trabalho incans\u00e1vel de um governo de compromisso e responsabilidade e por determina\u00e7\u00e3o do prefeito C\u00e9lio Barbosa.<\/p>\n\n\n\n<p><br>O andamento das obras pode ser visto nas fotos.<\/p>\n\n\n\n<p><br><strong>PAGAMENTO EM DIA<\/strong><\/p>\n\n\n\n<p><br>Alem das obras executadas, neste final semana, mais uma vez os servidores p\u00fablicos municipais v\u00e3o receber seus sal\u00e1rios rigorosamente em dia, como aconteceu durante toda a gest\u00e3o do prefeito C\u00e9lio, sem contar que fornecedores e colaboradores tamb\u00e9m est\u00e3o com seus compromissos todos sendo pagos sem maiores dificuldades.<\/p>\n\n\n\n<p><\/p>\n\n\n\n<p><br><strong>S\u00c3O JO\u00c3O COM GRANDE PROGRAMA\u00c7\u00c3O<\/strong><br><\/p>\n\n\n\n<figure class=\"wp-block-image\"><a href=\"https:\/\/4.bp.blogspot.com\/-zBJQXDKuUV8\/XNwVJhmb-eI\/AAAAAAAAFoE\/5BVUmyV9TVcWOQvbP7FGNQt_WFHaoKvTgCK4BGAYYCw\/s1600\/2.jpg\"><img decoding=\"async\" data-src=\"https:\/\/4.bp.blogspot.com\/-zBJQXDKuUV8\/XNwVJhmb-eI\/AAAAAAAAFoE\/5BVUmyV9TVcWOQvbP7FGNQt_WFHaoKvTgCK4BGAYYCw\/s280\/2.jpg\" alt=\"2\" src=\"data:image\/svg+xml;base64,PHN2ZyB3aWR0aD0iMSIgaGVpZ2h0PSIxIiB4bWxucz0iaHR0cDovL3d3dy53My5vcmcvMjAwMC9zdmciPjwvc3ZnPg==\" class=\"lazyload\" \/><\/a><\/figure>\n\n\n\n<p>Pra completar, com todo o equil\u00edbrio financeiros e com todos os investimentos realizados em obras, o munic\u00edpio de S\u00e3o Jo\u00e3o do Tigre,n\u00e3o deixa de realizar grandes eventos com destaque a n\u00edvel regional inclusive.<\/p>\n\n\n\n<p><br>Exemplos disso, s\u00e3o as tradicionais festas de padroeiro dos distritos de Cacimbinha e de Santa Maria; o Carnaval molhado, que \u00e9 o carro-chefe dos eventos tur\u00edsticos do munic\u00edpio, e agora em Junho o \u201cS\u00e3o Jo\u00e3o p\u00e9-de-serra com estilo\u201d que trar\u00e1 03 dias de muita festa e anima\u00e7\u00e3o com diversas atra\u00e7\u00f5es musicais que prometem agradar a todos os estilos.<\/p>\n\n\n\n<p><\/p>\n\n\n\n<p><br><strong>F\u00c1BIO BRITO<\/strong><\/p>\n","protected":false},"excerpt":{"rendered":"<p>A cidade de S\u00e3o Jo\u00e3o do Tigre definitivamente vive um de seus melhores momentos administrativos.Esta semana, a gest\u00e3o municipal, confirmou que em breve contar\u00e1 com&hellip; <\/p>\n","protected":false},"author":2,"featured_media":97227,"comment_status":"closed","ping_status":"closed","sticky":false,"template":"","format":"standard","meta":{"sfsi_plus_gutenberg_text_before_share":"","sfsi_plus_gutenberg_show_text_before_share":"","sfsi_plus_gutenberg_icon_type":"","sfsi_plus_gutenberg_icon_alignemt":"","sfsi_plus_gutenburg_max_per_row":"","footnotes":""},"categories":[6],"tags":[],"class_list":["post-97225","post","type-post","status-publish","format-standard","has-post-thumbnail","hentry","category-cidades"],"_links":{"self":[{"href":"https:\/\/www.caririemacao.com\/1\/wp-json\/wp\/v2\/posts\/97225","targetHints":{"allow":["GET"]}}],"collection":[{"href":"https:\/\/www.caririemacao.com\/1\/wp-json\/wp\/v2\/posts"}],"about":[{"href":"https:\/\/www.caririemacao.com\/1\/wp-json\/wp\/v2\/types\/post"}],"author":[{"embeddable":true,"href":"https:\/\/www.caririemacao.com\/1\/wp-json\/wp\/v2\/users\/2"}],"replies":[{"embeddable":true,"href":"https:\/\/www.caririemacao.com\/1\/wp-json\/wp\/v2\/comments?post=97225"}],"version-history":[{"count":1,"href":"https:\/\/www.caririemacao.com\/1\/wp-json\/wp\/v2\/posts\/97225\/revisions"}],"predecessor-version":[{"id":97228,"href":"https:\/\/www.caririemacao.com\/1\/wp-json\/wp\/v2\/posts\/97225\/revisions\/97228"}],"wp:featuredmedia":[{"embeddable":true,"href":"https:\/\/www.caririemacao.com\/1\/wp-json\/wp\/v2\/media\/97227"}],"wp:attachment":[{"href":"https:\/\/www.caririemacao.com\/1\/wp-json\/wp\/v2\/media?parent=97225"}],"wp:term":[{"taxonomy":"category","embeddable":true,"href":"https:\/\/www.caririemacao.com\/1\/wp-json\/wp\/v2\/categories?post=97225"},{"taxonomy":"post_tag","embeddable":true,"href":"https:\/\/www.caririemacao.com\/1\/wp-json\/wp\/v2\/tags?post=97225"}],"curies":[{"name":"wp","href":"https:\/\/api.w.org\/{rel}","templated":true}]}}