{"id":97229,"date":"2019-05-30T11:32:55","date_gmt":"2019-05-30T14:32:55","guid":{"rendered":"http:\/\/www.caririemacao.com\/1\/?p=97229"},"modified":"2019-05-30T11:32:55","modified_gmt":"2019-05-30T14:32:55","slug":"policia-deflagra-operacao-multiface-em-boqueirao","status":"publish","type":"post","link":"https:\/\/www.caririemacao.com\/1\/2019\/05\/30\/policia-deflagra-operacao-multiface-em-boqueirao\/","title":{"rendered":"Pol\u00edcia deflagra opera\u00e7\u00e3o multiface em BOQUEIR\u00c3O"},"content":{"rendered":"\n<p>\u00a0As Pol\u00edcias Civil e Militar, por meio do N\u00facleo de Homic\u00eddios\/GTE da 11\u00b0 DSPC e 3\u2022CIPM, sob o comando do Delegado Jo\u00e3o Joaldo, no in\u00edcio da manh\u00e3 de hoje (30\/05\/19) deflagrou a OPERA\u00c7\u00c3O MULTIFACE com o fim de combater o tr\u00e1fico de drogas e assaltos praticados na cidade de Boqueir\u00e3o e regi\u00e3o, dando cumprimento a cinco mandado de busca e apreens\u00e3o na resid\u00eancia de pessoas suspeitas de estarem envolvidas com essa pr\u00e1tica criminosa.<\/p>\n\n\n\n<figure class=\"wp-block-image\"><img fetchpriority=\"high\" decoding=\"async\" width=\"1024\" height=\"768\" src=\"http:\/\/www.caririemacao.com\/1\/wp-content\/uploads\/2019\/05\/IMG-20190530-WA0007-1024x768.jpg\" alt=\"\" class=\"wp-image-97230\" srcset=\"https:\/\/www.caririemacao.com\/1\/wp-content\/uploads\/2019\/05\/IMG-20190530-WA0007-1024x768.jpg 1024w, https:\/\/www.caririemacao.com\/1\/wp-content\/uploads\/2019\/05\/IMG-20190530-WA0007-300x225.jpg 300w, https:\/\/www.caririemacao.com\/1\/wp-content\/uploads\/2019\/05\/IMG-20190530-WA0007-768x576.jpg 768w, https:\/\/www.caririemacao.com\/1\/wp-content\/uploads\/2019\/05\/IMG-20190530-WA0007.jpg 1280w\" sizes=\"(max-width: 1024px) 100vw, 1024px\" \/><\/figure>\n\n\n\n<p><div><br>Foram empregados 25 policiais civis e militares e 07 viaturas.<\/div><\/p>\n\n\n\n<figure class=\"wp-block-image\"><img decoding=\"async\" width=\"768\" height=\"1024\" data-src=\"http:\/\/www.caririemacao.com\/1\/wp-content\/uploads\/2019\/05\/IMG-20190530-WA0010-768x1024.jpg\" alt=\"\" class=\"wp-image-97231 lazyload\" data-srcset=\"https:\/\/www.caririemacao.com\/1\/wp-content\/uploads\/2019\/05\/IMG-20190530-WA0010-768x1024.jpg 768w, https:\/\/www.caririemacao.com\/1\/wp-content\/uploads\/2019\/05\/IMG-20190530-WA0010-225x300.jpg 225w, https:\/\/www.caririemacao.com\/1\/wp-content\/uploads\/2019\/05\/IMG-20190530-WA0010.jpg 960w\" data-sizes=\"(max-width: 768px) 100vw, 768px\" src=\"data:image\/svg+xml;base64,PHN2ZyB3aWR0aD0iMSIgaGVpZ2h0PSIxIiB4bWxucz0iaHR0cDovL3d3dy53My5vcmcvMjAwMC9zdmciPjwvc3ZnPg==\" style=\"--smush-placeholder-width: 768px; --smush-placeholder-aspect-ratio: 768\/1024;\" \/><\/figure>\n\n\n\n<p><div><br>Como fruto da opera\u00e7\u00e3o foi preso em flagrante JOHN DAYVISON LIMA AIRES, 22 anos de idade, autuado por posse ilegal de arma de fogo, bem como apreendidos quatro ve\u00edculos de origem suspeita: 01 Caminhoneta S10, de placas FEG- 5020-Feira de Santana-BA, de placas, 01 Golf de placas OEU-0693-Toritsma-PE e E mais duas Motos, uma Pop 100 preta e outra Honda CG Titan.<\/div><\/p>\n\n\n\n<figure class=\"wp-block-image\"><img decoding=\"async\" width=\"1024\" height=\"768\" data-src=\"http:\/\/www.caririemacao.com\/1\/wp-content\/uploads\/2019\/05\/IMG-20190530-WA0011-1024x768.jpg\" alt=\"\" class=\"wp-image-97232 lazyload\" data-srcset=\"https:\/\/www.caririemacao.com\/1\/wp-content\/uploads\/2019\/05\/IMG-20190530-WA0011-1024x768.jpg 1024w, https:\/\/www.caririemacao.com\/1\/wp-content\/uploads\/2019\/05\/IMG-20190530-WA0011-300x225.jpg 300w, https:\/\/www.caririemacao.com\/1\/wp-content\/uploads\/2019\/05\/IMG-20190530-WA0011-768x576.jpg 768w, https:\/\/www.caririemacao.com\/1\/wp-content\/uploads\/2019\/05\/IMG-20190530-WA0011.jpg 1280w\" data-sizes=\"(max-width: 1024px) 100vw, 1024px\" src=\"data:image\/svg+xml;base64,PHN2ZyB3aWR0aD0iMSIgaGVpZ2h0PSIxIiB4bWxucz0iaHR0cDovL3d3dy53My5vcmcvMjAwMC9zdmciPjwvc3ZnPg==\" style=\"--smush-placeholder-width: 1024px; --smush-placeholder-aspect-ratio: 1024\/768;\" \/><\/figure>\n\n\n\n<figure class=\"wp-block-image\"><img decoding=\"async\" width=\"1024\" height=\"768\" data-src=\"http:\/\/www.caririemacao.com\/1\/wp-content\/uploads\/2019\/05\/IMG-20190530-WA0009-1024x768.jpg\" alt=\"\" class=\"wp-image-97233 lazyload\" data-srcset=\"https:\/\/www.caririemacao.com\/1\/wp-content\/uploads\/2019\/05\/IMG-20190530-WA0009-1024x768.jpg 1024w, https:\/\/www.caririemacao.com\/1\/wp-content\/uploads\/2019\/05\/IMG-20190530-WA0009-300x225.jpg 300w, https:\/\/www.caririemacao.com\/1\/wp-content\/uploads\/2019\/05\/IMG-20190530-WA0009-768x576.jpg 768w, https:\/\/www.caririemacao.com\/1\/wp-content\/uploads\/2019\/05\/IMG-20190530-WA0009.jpg 1280w\" data-sizes=\"(max-width: 1024px) 100vw, 1024px\" src=\"data:image\/svg+xml;base64,PHN2ZyB3aWR0aD0iMSIgaGVpZ2h0PSIxIiB4bWxucz0iaHR0cDovL3d3dy53My5vcmcvMjAwMC9zdmciPjwvc3ZnPg==\" style=\"--smush-placeholder-width: 1024px; --smush-placeholder-aspect-ratio: 1024\/768;\" \/><\/figure>\n\n\n\n<p><div><br>Mais uma opera\u00e7\u00e3o integrada na \u00e1rea da 11 AISP.<\/div><\/p>\n\n\n\n<p><\/p>\n\n\n\n<p><div><br>PC EM A\u00c7\u00c3O<\/div><\/p>\n\n\n\n<p><\/p>\n\n\n\n<p><\/p>\n","protected":false},"excerpt":{"rendered":"<p>\u00a0As Pol\u00edcias Civil e Militar, por meio do N\u00facleo de Homic\u00eddios\/GTE da 11\u00b0 DSPC e 3\u2022CIPM, sob o comando do Delegado Jo\u00e3o Joaldo, no in\u00edcio&hellip; <\/p>\n","protected":false},"author":2,"featured_media":97234,"comment_status":"closed","ping_status":"closed","sticky":false,"template":"","format":"standard","meta":{"sfsi_plus_gutenberg_text_before_share":"","sfsi_plus_gutenberg_show_text_before_share":"","sfsi_plus_gutenberg_icon_type":"","sfsi_plus_gutenberg_icon_alignemt":"","sfsi_plus_gutenburg_max_per_row":"","footnotes":""},"categories":[50,12],"tags":[],"class_list":["post-97229","post","type-post","status-publish","format-standard","has-post-thumbnail","hentry","category-destaque","category-policia"],"_links":{"self":[{"href":"https:\/\/www.caririemacao.com\/1\/wp-json\/wp\/v2\/posts\/97229","targetHints":{"allow":["GET"]}}],"collection":[{"href":"https:\/\/www.caririemacao.com\/1\/wp-json\/wp\/v2\/posts"}],"about":[{"href":"https:\/\/www.caririemacao.com\/1\/wp-json\/wp\/v2\/types\/post"}],"author":[{"embeddable":true,"href":"https:\/\/www.caririemacao.com\/1\/wp-json\/wp\/v2\/users\/2"}],"replies":[{"embeddable":true,"href":"https:\/\/www.caririemacao.com\/1\/wp-json\/wp\/v2\/comments?post=97229"}],"version-history":[{"count":1,"href":"https:\/\/www.caririemacao.com\/1\/wp-json\/wp\/v2\/posts\/97229\/revisions"}],"predecessor-version":[{"id":97235,"href":"https:\/\/www.caririemacao.com\/1\/wp-json\/wp\/v2\/posts\/97229\/revisions\/97235"}],"wp:featuredmedia":[{"embeddable":true,"href":"https:\/\/www.caririemacao.com\/1\/wp-json\/wp\/v2\/media\/97234"}],"wp:attachment":[{"href":"https:\/\/www.caririemacao.com\/1\/wp-json\/wp\/v2\/media?parent=97229"}],"wp:term":[{"taxonomy":"category","embeddable":true,"href":"https:\/\/www.caririemacao.com\/1\/wp-json\/wp\/v2\/categories?post=97229"},{"taxonomy":"post_tag","embeddable":true,"href":"https:\/\/www.caririemacao.com\/1\/wp-json\/wp\/v2\/tags?post=97229"}],"curies":[{"name":"wp","href":"https:\/\/api.w.org\/{rel}","templated":true}]}}