{"id":97237,"date":"2019-05-30T11:42:34","date_gmt":"2019-05-30T14:42:34","guid":{"rendered":"http:\/\/www.caririemacao.com\/1\/?p=97237"},"modified":"2019-05-30T11:42:34","modified_gmt":"2019-05-30T14:42:34","slug":"cagepa-realiza-mutirao-de-conciliacao-em-monteiro-ate-sexta-feira","status":"publish","type":"post","link":"https:\/\/www.caririemacao.com\/1\/2019\/05\/30\/cagepa-realiza-mutirao-de-conciliacao-em-monteiro-ate-sexta-feira\/","title":{"rendered":"Cagepa realiza mutir\u00e3o de concilia\u00e7\u00e3o em Monteiro at\u00e9 sexta-feira"},"content":{"rendered":"\n<div class=\"wp-block-image\"><figure class=\"alignleft\"><img decoding=\"async\" data-src=\"https:\/\/i0.wp.com\/www.vitrinedocariri.com.br\/wp-content\/uploads\/2019\/05\/cagepa_monteiro.jpg?zoom=2&amp;resize=330%2C237&amp;ssl=1\" alt=\"\" class=\"wp-image-44954 lazyload\" src=\"data:image\/svg+xml;base64,PHN2ZyB3aWR0aD0iMSIgaGVpZ2h0PSIxIiB4bWxucz0iaHR0cDovL3d3dy53My5vcmcvMjAwMC9zdmciPjwvc3ZnPg==\" \/><\/figure><\/div>\n\n\n\n<p>Mais uma edi\u00e7\u00e3o do Mutir\u00e3o de Concilia\u00e7\u00e3o da Companhia de \u00c1gua e Esgotos da Para\u00edba (Cagepa) foi iniciada nesta quarta-feira (29), desta vez no munic\u00edpio de Monteiro, no Cariri paraibano. O projeto, desenvolvido em parceria com o Procon Estadual e a Ordem dos Advogados da Para\u00edba \u2013 subse\u00e7\u00e3o Cariri, ser\u00e1 realizado at\u00e9 a pr\u00f3xima sexta-feira (31), na sede da OAB em Monteiro, das 8h \u00e0s 16h.<\/p>\n\n\n\n<p>A Cagepa convidou, previamente, 160 usu\u00e1rios que estavam com problemas de negocia\u00e7\u00e3o de d\u00e9bito e outros tipos de conflitos com a empresa, como \u00e1gua cortada, multas, parcelamento descumprido ou parcelamento incompleto. No entanto, nesta edi\u00e7\u00e3o, os demais clientes da cidade que estejam com alguma dificuldade de cumprimento de suas obriga\u00e7\u00f5es com a Cagepa e tamb\u00e9m se interessem por normalizar sua situa\u00e7\u00e3o com a empresa podem comparecer ao mutir\u00e3o.<\/p>\n\n\n\n<p>De acordo com o subgerente de cobran\u00e7a da companhia, Pablo Alencar, essa j\u00e1 \u00e9 a quarta edi\u00e7\u00e3o do mutir\u00e3o. As anteriores, realizadas em Campina Grande, Jo\u00e3o Pessoa e Sum\u00e9, atingiram bons resultados. \u201cEssa \u00e9 uma oportunidade de ficar em dia com as contas e resolver outros tipos de pend\u00eancias com a empresa de forma facilitada. N\u00f3s da Cagepa estamos cada vez mais consolidando a pol\u00edtica de solu\u00e7\u00e3o consensual, sempre priorizando o di\u00e1logo, e isso vem rendendo bons frutos. Na \u00faltima edi\u00e7\u00e3o, negociamos aproximadamente R$ 743 mil em d\u00e9bitos\u201d, disse.<\/p>\n\n\n\n<p>Os usu\u00e1rios interessados em participar do Mutir\u00e3o de Concilia\u00e7\u00e3o devem comparecer \u00e0 sede da OAB em Monteiro, das 8h \u00e0s 16h at\u00e9 a pr\u00f3xima sexta-feira (31), das 8h \u00e0s 16h, munidos de documentos pessoais e de algum documento que comprove o v\u00ednculo dele com o im\u00f3vel, como contrato de compra e venda, escritura ou contrato de loca\u00e7\u00e3o.<\/p>\n","protected":false},"excerpt":{"rendered":"<p>Mais uma edi\u00e7\u00e3o do Mutir\u00e3o de Concilia\u00e7\u00e3o da Companhia de \u00c1gua e Esgotos da Para\u00edba (Cagepa) foi iniciada nesta quarta-feira (29), desta vez no munic\u00edpio&hellip; <\/p>\n","protected":false},"author":1,"featured_media":97239,"comment_status":"closed","ping_status":"closed","sticky":false,"template":"","format":"standard","meta":{"sfsi_plus_gutenberg_text_before_share":"","sfsi_plus_gutenberg_show_text_before_share":"","sfsi_plus_gutenberg_icon_type":"","sfsi_plus_gutenberg_icon_alignemt":"","sfsi_plus_gutenburg_max_per_row":"","footnotes":""},"categories":[2],"tags":[],"class_list":["post-97237","post","type-post","status-publish","format-standard","has-post-thumbnail","hentry","category-geral"],"_links":{"self":[{"href":"https:\/\/www.caririemacao.com\/1\/wp-json\/wp\/v2\/posts\/97237","targetHints":{"allow":["GET"]}}],"collection":[{"href":"https:\/\/www.caririemacao.com\/1\/wp-json\/wp\/v2\/posts"}],"about":[{"href":"https:\/\/www.caririemacao.com\/1\/wp-json\/wp\/v2\/types\/post"}],"author":[{"embeddable":true,"href":"https:\/\/www.caririemacao.com\/1\/wp-json\/wp\/v2\/users\/1"}],"replies":[{"embeddable":true,"href":"https:\/\/www.caririemacao.com\/1\/wp-json\/wp\/v2\/comments?post=97237"}],"version-history":[{"count":1,"href":"https:\/\/www.caririemacao.com\/1\/wp-json\/wp\/v2\/posts\/97237\/revisions"}],"predecessor-version":[{"id":97240,"href":"https:\/\/www.caririemacao.com\/1\/wp-json\/wp\/v2\/posts\/97237\/revisions\/97240"}],"wp:featuredmedia":[{"embeddable":true,"href":"https:\/\/www.caririemacao.com\/1\/wp-json\/wp\/v2\/media\/97239"}],"wp:attachment":[{"href":"https:\/\/www.caririemacao.com\/1\/wp-json\/wp\/v2\/media?parent=97237"}],"wp:term":[{"taxonomy":"category","embeddable":true,"href":"https:\/\/www.caririemacao.com\/1\/wp-json\/wp\/v2\/categories?post=97237"},{"taxonomy":"post_tag","embeddable":true,"href":"https:\/\/www.caririemacao.com\/1\/wp-json\/wp\/v2\/tags?post=97237"}],"curies":[{"name":"wp","href":"https:\/\/api.w.org\/{rel}","templated":true}]}}