{"id":97238,"date":"2019-05-30T11:42:54","date_gmt":"2019-05-30T14:42:54","guid":{"rendered":"http:\/\/www.caririemacao.com\/1\/?p=97238"},"modified":"2019-05-30T11:42:54","modified_gmt":"2019-05-30T14:42:54","slug":"em-zabele-prefeito-dalyson-neves-segue-compromisso-e-continua-pavimentando-ruas","status":"publish","type":"post","link":"https:\/\/www.caririemacao.com\/1\/2019\/05\/30\/em-zabele-prefeito-dalyson-neves-segue-compromisso-e-continua-pavimentando-ruas\/","title":{"rendered":"Em Zabel\u00ea: Prefeito Dalyson Neves segue compromisso e continua pavimentando ruas"},"content":{"rendered":"\n<p>O prefeito Dalyson tem reafirmado o seu compromisso com o bem estar da popula\u00e7\u00e3o e a sua responsabilidade com a gest\u00e3o publica em Zabel\u00ea.<\/p>\n\n\n\n<p><br>O prefeito reafirmou que o seu dever, enquanto gestor \u00e9 promover melhorias\u00a0\u00a0na cidade de Zabel\u00ea.<\/p>\n\n\n\n<p>\u201cNos \u00faltimos meses pavimentamos v\u00e1rias ruas da cidade com recursos pr\u00f3prios, levando mais qualidade de vida para a popula\u00e7\u00e3o. Agora \u00e9 a vez da Rua a Jos\u00e9 Vaz de Medeiros II\u201d, anunciou o gestor.\u00a0<\/p>\n\n\n\n<p><br>\u201cContinuo empenhado em honrar a confian\u00e7a que o povo zabeleense depositou em mim e assim seguimos trabalhando, para que o munic\u00edpio continue no rumo certo\u201d, complementou o prefeito.<\/p>\n\n\n\n<p><\/p>\n\n\n\n<p><br><strong>COM ZABELELIGADO<\/strong><\/p>\n","protected":false},"excerpt":{"rendered":"<p>O prefeito Dalyson tem reafirmado o seu compromisso com o bem estar da popula\u00e7\u00e3o e a sua responsabilidade com a gest\u00e3o publica em Zabel\u00ea. O&hellip; <\/p>\n","protected":false},"author":2,"featured_media":97241,"comment_status":"closed","ping_status":"closed","sticky":false,"template":"","format":"standard","meta":{"sfsi_plus_gutenberg_text_before_share":"","sfsi_plus_gutenberg_show_text_before_share":"","sfsi_plus_gutenberg_icon_type":"","sfsi_plus_gutenberg_icon_alignemt":"","sfsi_plus_gutenburg_max_per_row":"","footnotes":""},"categories":[6],"tags":[],"class_list":["post-97238","post","type-post","status-publish","format-standard","has-post-thumbnail","hentry","category-cidades"],"_links":{"self":[{"href":"https:\/\/www.caririemacao.com\/1\/wp-json\/wp\/v2\/posts\/97238","targetHints":{"allow":["GET"]}}],"collection":[{"href":"https:\/\/www.caririemacao.com\/1\/wp-json\/wp\/v2\/posts"}],"about":[{"href":"https:\/\/www.caririemacao.com\/1\/wp-json\/wp\/v2\/types\/post"}],"author":[{"embeddable":true,"href":"https:\/\/www.caririemacao.com\/1\/wp-json\/wp\/v2\/users\/2"}],"replies":[{"embeddable":true,"href":"https:\/\/www.caririemacao.com\/1\/wp-json\/wp\/v2\/comments?post=97238"}],"version-history":[{"count":1,"href":"https:\/\/www.caririemacao.com\/1\/wp-json\/wp\/v2\/posts\/97238\/revisions"}],"predecessor-version":[{"id":97242,"href":"https:\/\/www.caririemacao.com\/1\/wp-json\/wp\/v2\/posts\/97238\/revisions\/97242"}],"wp:featuredmedia":[{"embeddable":true,"href":"https:\/\/www.caririemacao.com\/1\/wp-json\/wp\/v2\/media\/97241"}],"wp:attachment":[{"href":"https:\/\/www.caririemacao.com\/1\/wp-json\/wp\/v2\/media?parent=97238"}],"wp:term":[{"taxonomy":"category","embeddable":true,"href":"https:\/\/www.caririemacao.com\/1\/wp-json\/wp\/v2\/categories?post=97238"},{"taxonomy":"post_tag","embeddable":true,"href":"https:\/\/www.caririemacao.com\/1\/wp-json\/wp\/v2\/tags?post=97238"}],"curies":[{"name":"wp","href":"https:\/\/api.w.org\/{rel}","templated":true}]}}