{"id":97244,"date":"2019-05-30T12:09:51","date_gmt":"2019-05-30T15:09:51","guid":{"rendered":"http:\/\/www.caririemacao.com\/1\/?p=97244"},"modified":"2019-05-30T12:09:51","modified_gmt":"2019-05-30T15:09:51","slug":"em-quatro-meses-de-mandato-edna-henrique-nao-destinou-nenhum-recurso-para-monteiro","status":"publish","type":"post","link":"https:\/\/www.caririemacao.com\/1\/2019\/05\/30\/em-quatro-meses-de-mandato-edna-henrique-nao-destinou-nenhum-recurso-para-monteiro\/","title":{"rendered":"Em quatro meses de mandato, Edna Henrique n\u00e3o destinou nenhum recurso para Monteiro"},"content":{"rendered":"\n<p>Neste s\u00e1bado, 1\u00ba de junho, a deputada federal Edna Henrique (PSDB) completa 4 (quatro) meses de mandato. Apesar de expor por v\u00e1rias vezes que Monteiro \u00e9 quem ganharia com sua presen\u00e7a na C\u00e2mara Federal, a ex-prefeita ainda n\u00e3o conseguiu destinar nenhum recurso para o munic\u00edpio at\u00e9 esta data.<\/p>\n\n\n\n<p>Edna Henrique j\u00e1 protocolou dezenas de pleitos para os munic\u00edpios vizinhos, a exemplo de Zabel\u00ea e Camala\u00fa, por\u00e9m, esqueceu-se de apresentar pleitos para Monteiro, n\u00e3o destinando nada para o munic\u00edpio neste per\u00edodo.<\/p>\n\n\n\n<p>Diferente da parlamentar monteirense, o deputado federal Wellington Roberto segue na luta por mais benef\u00edcios para Monteiro, e tem reafirmado o compromisso de assegurar investimentos para o munic\u00edpio de Monteiro, a exemplo da constru\u00e7\u00e3o do a\u00e7ude no S\u00edtio Macap\u00e1, no valor de R$ 5 milh\u00f5es, cujos recursos est\u00e3o prestes a ser liberados, al\u00e9m da emenda para a instala\u00e7\u00e3o do Centro de Hemodi\u00e1lise do Cariri.<\/p>\n\n\n\n<p>Apesar de Edna Henrique ter divulgado que o pedido para implanta\u00e7\u00e3o de uma UTI e de um Centro de Hemodi\u00e1lise no Hospital Regional de Monteiro ter sido de sua autoria, o pedido na verdade partiu de toda bancada federal e do pr\u00f3prio Governo do Estado.<\/p>\n\n\n\n<p><strong>VITRINE DO CARIRI<\/strong><\/p>\n","protected":false},"excerpt":{"rendered":"<p>Neste s\u00e1bado, 1\u00ba de junho, a deputada federal Edna Henrique (PSDB) completa 4 (quatro) meses de mandato. Apesar de expor por v\u00e1rias vezes que Monteiro&hellip; <\/p>\n","protected":false},"author":1,"featured_media":97245,"comment_status":"closed","ping_status":"closed","sticky":false,"template":"","format":"standard","meta":{"sfsi_plus_gutenberg_text_before_share":"","sfsi_plus_gutenberg_show_text_before_share":"","sfsi_plus_gutenberg_icon_type":"","sfsi_plus_gutenberg_icon_alignemt":"","sfsi_plus_gutenburg_max_per_row":"","footnotes":""},"categories":[11],"tags":[],"class_list":["post-97244","post","type-post","status-publish","format-standard","has-post-thumbnail","hentry","category-politica"],"_links":{"self":[{"href":"https:\/\/www.caririemacao.com\/1\/wp-json\/wp\/v2\/posts\/97244","targetHints":{"allow":["GET"]}}],"collection":[{"href":"https:\/\/www.caririemacao.com\/1\/wp-json\/wp\/v2\/posts"}],"about":[{"href":"https:\/\/www.caririemacao.com\/1\/wp-json\/wp\/v2\/types\/post"}],"author":[{"embeddable":true,"href":"https:\/\/www.caririemacao.com\/1\/wp-json\/wp\/v2\/users\/1"}],"replies":[{"embeddable":true,"href":"https:\/\/www.caririemacao.com\/1\/wp-json\/wp\/v2\/comments?post=97244"}],"version-history":[{"count":1,"href":"https:\/\/www.caririemacao.com\/1\/wp-json\/wp\/v2\/posts\/97244\/revisions"}],"predecessor-version":[{"id":97246,"href":"https:\/\/www.caririemacao.com\/1\/wp-json\/wp\/v2\/posts\/97244\/revisions\/97246"}],"wp:featuredmedia":[{"embeddable":true,"href":"https:\/\/www.caririemacao.com\/1\/wp-json\/wp\/v2\/media\/97245"}],"wp:attachment":[{"href":"https:\/\/www.caririemacao.com\/1\/wp-json\/wp\/v2\/media?parent=97244"}],"wp:term":[{"taxonomy":"category","embeddable":true,"href":"https:\/\/www.caririemacao.com\/1\/wp-json\/wp\/v2\/categories?post=97244"},{"taxonomy":"post_tag","embeddable":true,"href":"https:\/\/www.caririemacao.com\/1\/wp-json\/wp\/v2\/tags?post=97244"}],"curies":[{"name":"wp","href":"https:\/\/api.w.org\/{rel}","templated":true}]}}