{"id":97248,"date":"2019-05-30T12:13:26","date_gmt":"2019-05-30T15:13:26","guid":{"rendered":"http:\/\/www.caririemacao.com\/1\/?p=97248"},"modified":"2019-05-30T12:13:26","modified_gmt":"2019-05-30T15:13:26","slug":"crianca-de-9-meses-morre-em-hospital-de-soledade-policia-investiga-possivel-estupro","status":"publish","type":"post","link":"https:\/\/www.caririemacao.com\/1\/2019\/05\/30\/crianca-de-9-meses-morre-em-hospital-de-soledade-policia-investiga-possivel-estupro\/","title":{"rendered":"Crian\u00e7a de 9 meses morre em hospital de Soledade; pol\u00edcia investiga poss\u00edvel estupro"},"content":{"rendered":"\n<p>Uma crian\u00e7a de 9 meses morreu na noite da quarta-feira (29), ap\u00f3s ser levada para o Hospital de Emerg\u00eancia e Trauma de Campina Grande. De acordo com o delegado seccional de Pol\u00edcia Civil, Durval Barros, a pol\u00edcia investiga se a crian\u00e7a teria passado mal ap\u00f3s um poss\u00edvel estupro cometido na cidade de Soledade, no Agreste da Para\u00edba.<\/p>\n\n\n\n<p>Conforme um Boletim de Ocorr\u00eancia registrado por um Policial Militar na Delegacia de Pol\u00edcia Civil de Esperan\u00e7a, o PM estava de servi\u00e7o em Soledade quando foi acionado pela Guarda Municipal ao hospital da cidade. Ao chegar no local, o m\u00e9dico que atendeu a crian\u00e7a disse que precisava fazer uma den\u00fancia.<\/p>\n\n\n\n<p>De acordo com o boletim, o m\u00e9dico relatou ao policial que a crian\u00e7a deu entrada na unidade de sa\u00fade com com 40 graus de febre e morreu ap\u00f3s uma uma crise convulsiva. Ap\u00f3s a morte, o m\u00e9dico analisou o corpo do beb\u00ea e percebeu les\u00f5es na crian\u00e7a que indicam estupro.<\/p>\n\n\n\n<p>Segundo relato da m\u00e3e da crian\u00e7a ao m\u00e9dico, a filha tinha paralisia cerebral e ela havia levado a crian\u00e7a para realizar um exame em Campina Grande. E, na volta para Soledade, ao parar em um restaurante para jantar, a crian\u00e7a teve convuls\u00f5es e foi levada para o hospital da cidade pela m\u00e3e.<\/p>\n\n\n\n<p>O corpo da crian\u00e7a foi encaminhado ao N\u00facleo de Medicina e Odontologia Legal de Campina Grande para passar por exames de corpo de delito.<\/p>\n\n\n\n<p>Na manh\u00e3 desta quinta-feira (30), o delegado Durval Barros informou que o caso \u00e9 delicado e que est\u00e1 sendo investigado pela Pol\u00edcia Civil de Soledade. \u201cAt\u00e9 agora o que temos \u00e9 esse boletim registrado na Delegacia de Esperan\u00e7a, mas estamos investigando o caso\u201d, disse.<\/p>\n\n\n\n<p><em>Com G1 PB<\/em><\/p>\n","protected":false},"excerpt":{"rendered":"<p>Uma crian\u00e7a de 9 meses morreu na noite da quarta-feira (29), ap\u00f3s ser levada para o Hospital de Emerg\u00eancia e Trauma de Campina Grande. De&hellip; <\/p>\n","protected":false},"author":1,"featured_media":41530,"comment_status":"closed","ping_status":"closed","sticky":false,"template":"","format":"standard","meta":{"sfsi_plus_gutenberg_text_before_share":"","sfsi_plus_gutenberg_show_text_before_share":"","sfsi_plus_gutenberg_icon_type":"","sfsi_plus_gutenberg_icon_alignemt":"","sfsi_plus_gutenburg_max_per_row":"","footnotes":""},"categories":[50,12],"tags":[],"class_list":["post-97248","post","type-post","status-publish","format-standard","has-post-thumbnail","hentry","category-destaque","category-policia"],"_links":{"self":[{"href":"https:\/\/www.caririemacao.com\/1\/wp-json\/wp\/v2\/posts\/97248","targetHints":{"allow":["GET"]}}],"collection":[{"href":"https:\/\/www.caririemacao.com\/1\/wp-json\/wp\/v2\/posts"}],"about":[{"href":"https:\/\/www.caririemacao.com\/1\/wp-json\/wp\/v2\/types\/post"}],"author":[{"embeddable":true,"href":"https:\/\/www.caririemacao.com\/1\/wp-json\/wp\/v2\/users\/1"}],"replies":[{"embeddable":true,"href":"https:\/\/www.caririemacao.com\/1\/wp-json\/wp\/v2\/comments?post=97248"}],"version-history":[{"count":1,"href":"https:\/\/www.caririemacao.com\/1\/wp-json\/wp\/v2\/posts\/97248\/revisions"}],"predecessor-version":[{"id":97249,"href":"https:\/\/www.caririemacao.com\/1\/wp-json\/wp\/v2\/posts\/97248\/revisions\/97249"}],"wp:featuredmedia":[{"embeddable":true,"href":"https:\/\/www.caririemacao.com\/1\/wp-json\/wp\/v2\/media\/41530"}],"wp:attachment":[{"href":"https:\/\/www.caririemacao.com\/1\/wp-json\/wp\/v2\/media?parent=97248"}],"wp:term":[{"taxonomy":"category","embeddable":true,"href":"https:\/\/www.caririemacao.com\/1\/wp-json\/wp\/v2\/categories?post=97248"},{"taxonomy":"post_tag","embeddable":true,"href":"https:\/\/www.caririemacao.com\/1\/wp-json\/wp\/v2\/tags?post=97248"}],"curies":[{"name":"wp","href":"https:\/\/api.w.org\/{rel}","templated":true}]}}