{"id":97252,"date":"2019-05-30T12:15:33","date_gmt":"2019-05-30T15:15:33","guid":{"rendered":"http:\/\/www.caririemacao.com\/1\/?p=97252"},"modified":"2019-05-30T12:15:33","modified_gmt":"2019-05-30T15:15:33","slug":"travesti-e-morta-a-facadas-no-litoral-norte-da-paraiba","status":"publish","type":"post","link":"https:\/\/www.caririemacao.com\/1\/2019\/05\/30\/travesti-e-morta-a-facadas-no-litoral-norte-da-paraiba\/","title":{"rendered":"Travesti \u00e9 morta a facadas no Litoral Norte da Para\u00edba"},"content":{"rendered":"\n<p>Uma travesti de 27 anos foi morta a facadas na madrugada desta quinta-feira (30), no munic\u00edpio de Lucena, no Litoral Norte da Para\u00edba.<\/p>\n\n\n\n<p>De acordo com a Pol\u00edcia Militar, o pai da v\u00edtima em depoimento informou que&nbsp;Leandro Pereira dos Santos&nbsp;n\u00e3o era usu\u00e1rio de drogas, mas j\u00e1 havia sido amea\u00e7ada na regi\u00e3o.<\/p>\n\n\n\n<p>No local do crime, a pol\u00edcia encontrou&nbsp;a&nbsp;sand\u00e1lia da v\u00edtima perto de&nbsp;uma casa abandonada, dentro dela, havia&nbsp;restos de cigarro e uma lata furada. As investiga\u00e7\u00f5es apontam para um&nbsp;poss\u00edvel consumo crack no local.<\/p>\n\n\n\n<p>Os suspeitos do crime n\u00e3o foram identificados e o caso segue em investiga\u00e7\u00e3o.<\/p>\n\n\n\n<p>com Portal do Litoral<\/p>\n","protected":false},"excerpt":{"rendered":"<p>Uma travesti de 27 anos foi morta a facadas na madrugada desta quinta-feira (30), no munic\u00edpio de Lucena, no Litoral Norte da Para\u00edba. De acordo&hellip; <\/p>\n","protected":false},"author":1,"featured_media":97253,"comment_status":"closed","ping_status":"closed","sticky":false,"template":"","format":"standard","meta":{"sfsi_plus_gutenberg_text_before_share":"","sfsi_plus_gutenberg_show_text_before_share":"","sfsi_plus_gutenberg_icon_type":"","sfsi_plus_gutenberg_icon_alignemt":"","sfsi_plus_gutenburg_max_per_row":"","footnotes":""},"categories":[50,12],"tags":[],"class_list":["post-97252","post","type-post","status-publish","format-standard","has-post-thumbnail","hentry","category-destaque","category-policia"],"_links":{"self":[{"href":"https:\/\/www.caririemacao.com\/1\/wp-json\/wp\/v2\/posts\/97252","targetHints":{"allow":["GET"]}}],"collection":[{"href":"https:\/\/www.caririemacao.com\/1\/wp-json\/wp\/v2\/posts"}],"about":[{"href":"https:\/\/www.caririemacao.com\/1\/wp-json\/wp\/v2\/types\/post"}],"author":[{"embeddable":true,"href":"https:\/\/www.caririemacao.com\/1\/wp-json\/wp\/v2\/users\/1"}],"replies":[{"embeddable":true,"href":"https:\/\/www.caririemacao.com\/1\/wp-json\/wp\/v2\/comments?post=97252"}],"version-history":[{"count":1,"href":"https:\/\/www.caririemacao.com\/1\/wp-json\/wp\/v2\/posts\/97252\/revisions"}],"predecessor-version":[{"id":97254,"href":"https:\/\/www.caririemacao.com\/1\/wp-json\/wp\/v2\/posts\/97252\/revisions\/97254"}],"wp:featuredmedia":[{"embeddable":true,"href":"https:\/\/www.caririemacao.com\/1\/wp-json\/wp\/v2\/media\/97253"}],"wp:attachment":[{"href":"https:\/\/www.caririemacao.com\/1\/wp-json\/wp\/v2\/media?parent=97252"}],"wp:term":[{"taxonomy":"category","embeddable":true,"href":"https:\/\/www.caririemacao.com\/1\/wp-json\/wp\/v2\/categories?post=97252"},{"taxonomy":"post_tag","embeddable":true,"href":"https:\/\/www.caririemacao.com\/1\/wp-json\/wp\/v2\/tags?post=97252"}],"curies":[{"name":"wp","href":"https:\/\/api.w.org\/{rel}","templated":true}]}}