{"id":97265,"date":"2019-05-30T12:25:03","date_gmt":"2019-05-30T15:25:03","guid":{"rendered":"http:\/\/www.caririemacao.com\/1\/?p=97265"},"modified":"2019-05-30T12:25:03","modified_gmt":"2019-05-30T15:25:03","slug":"ibge-revela-resultado-negativo-da-economia-brasileira-no-1o-trimestre","status":"publish","type":"post","link":"https:\/\/www.caririemacao.com\/1\/2019\/05\/30\/ibge-revela-resultado-negativo-da-economia-brasileira-no-1o-trimestre\/","title":{"rendered":"IBGE revela resultado negativo da economia brasileira no 1\u00ba trimestre"},"content":{"rendered":"\n<p>Os primeiros tr\u00eas meses do governo do presidente Jair Bolsonaro foram marcados pela economia estagnada.<\/p>\n\n\n\n<p>O IBGE informou nesta quinta-feira (30) que o PIB contraiu 0,2% de janeiro a mar\u00e7o, ante o 4\u00ba trimestre de 2018, confirmando o quadro de letargia que vem sendo descrito por economistas.<\/p>\n\n\n\n<p>\u00c9 o primeiro resultado no vermelho ap\u00f3s dois anos (oito trimestres) seguidos de recupera\u00e7\u00e3o da atividade, ainda que com desempenho fraco. O PIB crescera 1,1% em 2017 e em 2018, ap\u00f3s mergulhar 7,6% em 2015 e 2016.<\/p>\n\n\n\n<p>Nos \u00faltimos tr\u00eas meses de 2018, o desempenho foi de 0,1% e n\u00e3o houve revis\u00e3o.<\/p>\n\n\n\n<p>Pesquisa da ag\u00eancia Bloomberg indicava que a maior parte dos entrevistados projetava que o PIB recuaria 0,2% no primeiro trimestre.<\/p>\n\n\n\n<p>J\u00e1 em rela\u00e7\u00e3o ao mesmo trimestre do ano anterior, a economia teve uma leve alta de 0,5%. Os analistas entrevistados pela Bloomberg previam uma alta igual.<\/p>\n\n\n\n<p>Com o n\u00edvel atual de atividade, a economia ainda n\u00e3o recuperou o que perdeu na crise. No primeiro trimestre, o PIB ainda estava 5,3% abaixo do pico atingido no primeiro trimestre de 2014. Hoje, a economia roda no mesmo patamar do primeiro semestre de 2012 -e os brasileiros ainda s\u00e3o quase 9% mais pobres do que em 2014.<\/p>\n\n\n\n<p>O PIB neste in\u00edcio de 2019 ficou no negativo em seus principais componentes, quando comparado ao retrato do \u00faltimo trimestre do ano passado.<\/p>\n\n\n\n<p>A ind\u00fastria encolheu 0,7%, puxada pelo decl\u00ednio do setor extrativo, ap\u00f3s o desastre ambiental de Brumadinho, onde uma antiga barragem de dejetos minerais mantida pela Vale se rompeu e paralisou a produ\u00e7\u00e3o de min\u00e9rio de ferro.<\/p>\n\n\n\n<p>A agropecu\u00e1ria retraiu 0,5%, com a quebra de safra da soja, a mais importante lavoura do pa\u00eds, devido \u00e0 seca at\u00edpica no Paran\u00e1, Bahia e Mato Grosso do Sul.<\/p>\n\n\n\n<p>Em rela\u00e7\u00e3o ao in\u00edcio de 2018, a ind\u00fastria e a agropecu\u00e1ria tamb\u00e9m encolheram 1,1% e 0,1%, respectivamente. E os servi\u00e7os subiram 1,2%.<\/p>\n\n\n\n<p>A crise econ\u00f4mica na Argentina tamb\u00e9m contribuiu para a retra\u00e7\u00e3o da economia. As exporta\u00e7\u00f5es recuaram 1,9% no primeiro trimestre, em rela\u00e7\u00e3o ao fim do ano passado. As importa\u00e7\u00f5es subiram 0,5%.<\/p>\n\n\n\n<p>Em compara\u00e7\u00e3o com o in\u00edcio de 2018, as exporta\u00e7\u00f5es apresentaram sinal positivo, com alta de 1% e as importa\u00e7\u00f5es, afetadas pela atividade interna fraca, recuaram 2,5%.<\/p>\n\n\n\n<p>J\u00e1 os servi\u00e7os registraram uma leva alta de 0,2%, contidos pelo elevado desemprego.<\/p>\n\n\n\n<p>SEM SA\u00cdDA<br>Nenhum dos indicadores da demanda demonstrou dinamismo que pudesse apontar uma sa\u00edda para o marasmo.<\/p>\n\n\n\n<p>Em rela\u00e7\u00e3o ao 4\u00ba trimestre, o consumo das fam\u00edlias subiu 0,3% e os gastos do governo, 0,4%.<\/p>\n\n\n\n<p>A pior informa\u00e7\u00e3o trazida pelo IBGE, por\u00e9m, aparece no investimento, cujos n\u00fameros ainda deixam claro que a atividade est\u00e1 distante da retomada. Eles ca\u00edram 1,7% em rela\u00e7\u00e3o ao fim do ano ano passado.<\/p>\n\n\n\n<p>Al\u00e9m do desastre ambiental de Brumadinho, economistas v\u00eam apontando os efeitos da baixa confian\u00e7a.<\/p>\n\n\n\n<p>A elei\u00e7\u00e3o de Bolsonaro havia recobrado os \u00e2nimos de empres\u00e1rios e consumidores, mas os \u00edndices voltaram a recuar em mar\u00e7o e abril, com a piora da crise pol\u00edtica. Sem confian\u00e7a, n\u00e3o h\u00e1 investimento.<\/p>\n\n\n\n<p>Em compara\u00e7\u00e3o com o in\u00edcio de 2018, os indicadores que acompanham a demanda tamb\u00e9m tiveram desempenho insatisfat\u00f3rio.<\/p>\n\n\n\n<p>O consumo das fam\u00edlias subiu 1,3% e os gastos do governo oscilaram 0,1%. O investimento marcou 0,9%.<\/p>\n\n\n\n<p>Os n\u00fameros desta quinta-feira eram esperados com certa ansiedade por analistas, que j\u00e1 anteveem dificuldades para a economia tamb\u00e9m no segundo trimestre.<\/p>\n\n\n\n<p>Os primeiros dados de abril, sobre a confian\u00e7a, apontam para uma atividade mais fraca. S\u00e3o resposta \u00e0s incertezas provocadas pelo desarranjo pol\u00edtico do governo Jair Bolsonaro, incapaz de organizar a rela\u00e7\u00e3o com o Congresso Nacional.<\/p>\n\n\n\n<p>Para economistas, a aprova\u00e7\u00e3o da reforma da Previd\u00eancia \u00e9 fundamental para limpar o horizonte no m\u00e9dio e longo prazo, garantindo a sustentabilidade das contas do governo, em deficit desde 2014. O temor \u00e9 que, sem moderar a evolu\u00e7\u00e3o dos gastos, o governo sancione uma escalada inflacion\u00e1ria.<\/p>\n\n\n\n<p>Investidores do mercado financeiro costumam antecipar estes movimentos, uma das raz\u00f5es da alta do d\u00f3lar e da desvaloriza\u00e7\u00e3o da Bolsa nas \u00faltimas semanas.<\/p>\n\n\n\n<p>A incerteza sobre a solv\u00eancia do Estado est\u00e1 produzindo a mais lenta rea\u00e7\u00e3o da economia da hist\u00f3ria, o que levou analistas a discutirem se o PIB est\u00e1 em depress\u00e3o -um est\u00e1gio mais grave de crise econ\u00f4mica.<\/p>\n\n\n\n<p>O debate foi levantado pela equipe do ex-presidente do Banco Central Affonso Celso Pastore, que analisou o comportamento decepcionante da renda dos brasileiros ap\u00f3s o mergulho na recess\u00e3o em 2014.<\/p>\n\n\n\n<p>Boa parte dos analistas ainda tem como diagn\u00f3stico uma economia estagnada, por\u00e9m sob risco crescente de nova recess\u00e3o, o que debilitaria ainda mais o emprego e a renda.<\/p>\n","protected":false},"excerpt":{"rendered":"<p>Os primeiros tr\u00eas meses do governo do presidente Jair Bolsonaro foram marcados pela economia estagnada. O IBGE informou nesta quinta-feira (30) que o PIB contraiu&hellip; <\/p>\n","protected":false},"author":1,"featured_media":12199,"comment_status":"closed","ping_status":"closed","sticky":false,"template":"","format":"standard","meta":{"sfsi_plus_gutenberg_text_before_share":"","sfsi_plus_gutenberg_show_text_before_share":"","sfsi_plus_gutenberg_icon_type":"","sfsi_plus_gutenberg_icon_alignemt":"","sfsi_plus_gutenburg_max_per_row":"","footnotes":""},"categories":[11],"tags":[],"class_list":["post-97265","post","type-post","status-publish","format-standard","has-post-thumbnail","hentry","category-politica"],"_links":{"self":[{"href":"https:\/\/www.caririemacao.com\/1\/wp-json\/wp\/v2\/posts\/97265","targetHints":{"allow":["GET"]}}],"collection":[{"href":"https:\/\/www.caririemacao.com\/1\/wp-json\/wp\/v2\/posts"}],"about":[{"href":"https:\/\/www.caririemacao.com\/1\/wp-json\/wp\/v2\/types\/post"}],"author":[{"embeddable":true,"href":"https:\/\/www.caririemacao.com\/1\/wp-json\/wp\/v2\/users\/1"}],"replies":[{"embeddable":true,"href":"https:\/\/www.caririemacao.com\/1\/wp-json\/wp\/v2\/comments?post=97265"}],"version-history":[{"count":1,"href":"https:\/\/www.caririemacao.com\/1\/wp-json\/wp\/v2\/posts\/97265\/revisions"}],"predecessor-version":[{"id":97266,"href":"https:\/\/www.caririemacao.com\/1\/wp-json\/wp\/v2\/posts\/97265\/revisions\/97266"}],"wp:featuredmedia":[{"embeddable":true,"href":"https:\/\/www.caririemacao.com\/1\/wp-json\/wp\/v2\/media\/12199"}],"wp:attachment":[{"href":"https:\/\/www.caririemacao.com\/1\/wp-json\/wp\/v2\/media?parent=97265"}],"wp:term":[{"taxonomy":"category","embeddable":true,"href":"https:\/\/www.caririemacao.com\/1\/wp-json\/wp\/v2\/categories?post=97265"},{"taxonomy":"post_tag","embeddable":true,"href":"https:\/\/www.caririemacao.com\/1\/wp-json\/wp\/v2\/tags?post=97265"}],"curies":[{"name":"wp","href":"https:\/\/api.w.org\/{rel}","templated":true}]}}