{"id":97283,"date":"2019-05-30T12:44:37","date_gmt":"2019-05-30T15:44:37","guid":{"rendered":"http:\/\/www.caririemacao.com\/1\/?p=97283"},"modified":"2019-05-30T12:44:37","modified_gmt":"2019-05-30T15:44:37","slug":"apos-pib-fraco-guedes-diz-que-estuda-liberar-pis-pasep-e-fgts-para-consumo","status":"publish","type":"post","link":"https:\/\/www.caririemacao.com\/1\/2019\/05\/30\/apos-pib-fraco-guedes-diz-que-estuda-liberar-pis-pasep-e-fgts-para-consumo\/","title":{"rendered":"Ap\u00f3s PIB fraco, Guedes diz que estuda liberar PIS-Pasep e FGTS para consumo"},"content":{"rendered":"\n<p>O ministro da Economia, Paulo Guedes, admitiu que o governo federal estuda liberar recursos do PIS-Pasep e Fundo de Garantia por Tempo de Servi\u00e7o (FGTS) para estimular o consumo na economia. \u201cVamos liberar PIS\/Pasep, FGTS. Muito em breve, assim que sa\u00edrem as reformas. O problema \u00e9 que se voc\u00ea abre essas torneiras sem as mudan\u00e7as fundamentais, \u00e9 o voo da galinha. \u00c9 tudo agora, nas pr\u00f3ximas tr\u00eas, quatro semanas\u201d, disse.\u00a0<\/p>\n\n\n\n<p>Perguntado se a medida tamb\u00e9m envolveria a libera\u00e7\u00e3o das contas ativas do FGTS, o ministro confirmou. As declara\u00e7\u00f5es foram dadas na manh\u00e3 desta quinta-feira (30\/5), na sede da pasta, em Bras\u00edlia. Apesar do empenho em liberar recursos, Guedes defendeu que o governo federal tem feito seu papel para melhorar a economia e culpou a pol\u00edtica econ\u00f4mica expansionista das gest\u00f5es anteriores pelo Produto Interno Bruto (PIB) fraco do pa\u00eds.<\/p>\n\n\n\n<p>Nesta quarta, o Instituto Brasileiro de Geografia e Estat\u00edstica (IBGE)mostrou que a economia brasileira recuofechouu 0,2% no primeiro trimestre do ano. \u00c9 a primeira taxa negativa para um trimestre desde o quarto trimestre de 2016. \u201cN\u00e3o faltou nada\u201d, disse Guedes sobre poss\u00edveis a\u00e7\u00f5es que pudessem aquecer a economia no primeiro trimestre. \u201cN\u00f3s temos incompletos quatro meses e o presidente enviou as duas principais reformas para o Congresso: a do (S\u00e9rgio) Moro, contra a criminalidade, e da Previd\u00eancia, que \u00e9 a mais importante. Ent\u00e3o, menos de quatro meses, as propostas est\u00e3o l\u00e1. Quanto mais r\u00e1pido houver a aprova\u00e7\u00e3o disso, mais r\u00e1pido n\u00f3s destravamos o resto\u201d, apontou.<\/p>\n\n\n\n<p><\/p>\n","protected":false},"excerpt":{"rendered":"<p>O ministro da Economia, Paulo Guedes, admitiu que o governo federal estuda liberar recursos do PIS-Pasep e Fundo de Garantia por Tempo de Servi\u00e7o (FGTS)&hellip; <\/p>\n","protected":false},"author":1,"featured_media":93207,"comment_status":"closed","ping_status":"closed","sticky":false,"template":"","format":"standard","meta":{"sfsi_plus_gutenberg_text_before_share":"","sfsi_plus_gutenberg_show_text_before_share":"","sfsi_plus_gutenberg_icon_type":"","sfsi_plus_gutenberg_icon_alignemt":"","sfsi_plus_gutenburg_max_per_row":"","footnotes":""},"categories":[11],"tags":[],"class_list":["post-97283","post","type-post","status-publish","format-standard","has-post-thumbnail","hentry","category-politica"],"_links":{"self":[{"href":"https:\/\/www.caririemacao.com\/1\/wp-json\/wp\/v2\/posts\/97283","targetHints":{"allow":["GET"]}}],"collection":[{"href":"https:\/\/www.caririemacao.com\/1\/wp-json\/wp\/v2\/posts"}],"about":[{"href":"https:\/\/www.caririemacao.com\/1\/wp-json\/wp\/v2\/types\/post"}],"author":[{"embeddable":true,"href":"https:\/\/www.caririemacao.com\/1\/wp-json\/wp\/v2\/users\/1"}],"replies":[{"embeddable":true,"href":"https:\/\/www.caririemacao.com\/1\/wp-json\/wp\/v2\/comments?post=97283"}],"version-history":[{"count":1,"href":"https:\/\/www.caririemacao.com\/1\/wp-json\/wp\/v2\/posts\/97283\/revisions"}],"predecessor-version":[{"id":97284,"href":"https:\/\/www.caririemacao.com\/1\/wp-json\/wp\/v2\/posts\/97283\/revisions\/97284"}],"wp:featuredmedia":[{"embeddable":true,"href":"https:\/\/www.caririemacao.com\/1\/wp-json\/wp\/v2\/media\/93207"}],"wp:attachment":[{"href":"https:\/\/www.caririemacao.com\/1\/wp-json\/wp\/v2\/media?parent=97283"}],"wp:term":[{"taxonomy":"category","embeddable":true,"href":"https:\/\/www.caririemacao.com\/1\/wp-json\/wp\/v2\/categories?post=97283"},{"taxonomy":"post_tag","embeddable":true,"href":"https:\/\/www.caririemacao.com\/1\/wp-json\/wp\/v2\/tags?post=97283"}],"curies":[{"name":"wp","href":"https:\/\/api.w.org\/{rel}","templated":true}]}}