{"id":97291,"date":"2019-05-30T12:53:33","date_gmt":"2019-05-30T15:53:33","guid":{"rendered":"http:\/\/www.caririemacao.com\/1\/?p=97291"},"modified":"2019-05-30T12:53:33","modified_gmt":"2019-05-30T15:53:33","slug":"miliciano-preso-no-df-por-grilagem-de-terras-e-tio-de-michelle-bolsonaro","status":"publish","type":"post","link":"https:\/\/www.caririemacao.com\/1\/2019\/05\/30\/miliciano-preso-no-df-por-grilagem-de-terras-e-tio-de-michelle-bolsonaro\/","title":{"rendered":"Miliciano preso no DF por grilagem de terras \u00e9 tio de Michelle Bolsonaro"},"content":{"rendered":"\n<p>Um dos sete policiais militares presos nesta quarta-feira (29\/05) por integrarem uma mil\u00edcia com atua\u00e7\u00e3o na regi\u00e3o do Sol Nascente, em Ceil\u00e2ndia, \u00e9 tio da primeira-dama do Brasil, Michelle Bolsonaro. O 1\u00ba sargento Jo\u00e3o Batista Firmo Ferreira foi um dos alvos da Opera\u00e7\u00e3o Horus, que investiga PMs por crimes de loteamento irregular do solo, extors\u00e3o e at\u00e9 homic\u00eddio, relacionados \u00e0 grilagem de terras. O militar reformado \u00e9 irm\u00e3o de Maria das Gra\u00e7as, m\u00e3e de Michelle. A fam\u00edlia da primeira-dama mora na&nbsp;<a href=\"https:\/\/www.correiobraziliense.com.br\/app\/noticia\/cidades\/2018\/11\/26\/interna_cidadesdf,721555\/como-era-vida-de-michelle-bolsonaro-em-ceilandia.shtml\">regi\u00e3o do Sol Nascente<\/a>.<\/p>\n\n\n\n<p>A opera\u00e7\u00e3o foi realizada pelo Grupo de Atua\u00e7\u00e3o Especial de Combate ao Crime Organizado (Gaeco) do Minist\u00e9rio P\u00fablico do Distrito Federal, em parceria com a Coordena\u00e7\u00e3o Especial de Repress\u00e3o \u00e0 Corrup\u00e7\u00e3o, ao Crime Organizado e aos Crimes contra a Administra\u00e7\u00e3o P\u00fablica e contra a Ordem Tribut\u00e1ria da Pol\u00edcia Civil DF e com a Corregedoria Militar do Distrito Federal.<\/p>\n\n\n\n<p>Os sete sargentos presos s\u00e3o lotados ou j\u00e1 atuaram no 8\u00ba e no 10\u00ba Batalh\u00e3o da Pol\u00edcia Militar, unidades respons\u00e1veis pelo policiamento ostensivo na regi\u00e3o do Sol Nascente. Al\u00e9m de Jorge Firmo Ferreira, foram presos e denunciados pelo Minist\u00e9rio P\u00fablico do DF os sargentos Jorge Alves dos Santos, Agnaldo Figueiredo de Assis, Francisco Carlos da Silva Cardoso, Jos\u00e9 Deli Pereira da Gama, Paulo Henrique da Silva e Jair Dias.<\/p>\n\n\n\n<p>As investiga\u00e7\u00f5es come\u00e7aram em 2011, mas avan\u00e7aram gra\u00e7as \u00e0 participa\u00e7\u00e3o de um colaborador, que integrou e liderou a quadrilha, mas resolveu ajudar na apura\u00e7\u00e3o para receber o benef\u00edcio da redu\u00e7\u00e3o da pena. Ele procurou a Delegacia de Repress\u00e3o ao Crime Organizado da PCDF e detalhou o funcionamento da organiza\u00e7\u00e3o criminosa.<\/p>\n\n\n\n<p>Com autoriza\u00e7\u00e3o judicial, as liga\u00e7\u00f5es telef\u00f4nicas dos suspeitos foram interceptadas e as conversas revelaram a forma de atua\u00e7\u00e3o dos policiais militares respons\u00e1veis pela grilagem na regi\u00e3o do Sol Nascente. A den\u00fancia destaca que os dados obtidos com a quebra do sigilo banc\u00e1rio de Jo\u00e3o Firmo, autorizada pela Justi\u00e7a, refor\u00e7am a liga\u00e7\u00e3o do PM com a organiza\u00e7\u00e3o criminosa. O \u00f3rg\u00e3o identificou duas transfer\u00eancias dele para Francisco Cardoso, outro integrante da suposta quadrilha de milicianos, em 27 de julho de 2015, que totalizaram R$ 8 mil.<\/p>\n\n\n\n<p>O 1\u00ba sargento entrou na reserva da Pol\u00edcia Militar em 16 de janeiro de 2017. Conforme o Portal da Transpar\u00eancia, a remunera\u00e7\u00e3o mensal dele \u00e9 de R$ 8.227,68, fora benef\u00edcios.<\/p>\n\n\n\n<p><strong>Outro lado<\/strong><\/p>\n\n\n\n<p>Em nota, a Pol\u00edcia Militar alegou ter colaborado com as investiga\u00e7\u00f5es por meio da Corregedoria. A corpora\u00e7\u00e3o acrescentou que instaurou procedimentos internos para apurar a conduta dos policiais. \u201cMas todos correm sob segredo de Justi\u00e7a. Portanto, n\u00e3o podemos dar mais detalhes\u201d, informou.<\/p>\n\n\n\n<p>O Pal\u00e1cio do Planalto informou que n\u00e3o se pronunciar\u00e1 sobre o assunto. O&nbsp;<strong>Correio<\/strong>&nbsp;n\u00e3o conseguiu contato com a defesa de Jo\u00e3o Firmo Ferreira e dos outros acusados presos. O processo tramita em segredo de Justi\u00e7a.<\/p>\n","protected":false},"excerpt":{"rendered":"<p>Um dos sete policiais militares presos nesta quarta-feira (29\/05) por integrarem uma mil\u00edcia com atua\u00e7\u00e3o na regi\u00e3o do Sol Nascente, em Ceil\u00e2ndia, \u00e9 tio da&hellip; <\/p>\n","protected":false},"author":1,"featured_media":97292,"comment_status":"closed","ping_status":"closed","sticky":false,"template":"","format":"standard","meta":{"sfsi_plus_gutenberg_text_before_share":"","sfsi_plus_gutenberg_show_text_before_share":"","sfsi_plus_gutenberg_icon_type":"","sfsi_plus_gutenberg_icon_alignemt":"","sfsi_plus_gutenburg_max_per_row":"","footnotes":""},"categories":[12],"tags":[],"class_list":["post-97291","post","type-post","status-publish","format-standard","has-post-thumbnail","hentry","category-policia"],"_links":{"self":[{"href":"https:\/\/www.caririemacao.com\/1\/wp-json\/wp\/v2\/posts\/97291","targetHints":{"allow":["GET"]}}],"collection":[{"href":"https:\/\/www.caririemacao.com\/1\/wp-json\/wp\/v2\/posts"}],"about":[{"href":"https:\/\/www.caririemacao.com\/1\/wp-json\/wp\/v2\/types\/post"}],"author":[{"embeddable":true,"href":"https:\/\/www.caririemacao.com\/1\/wp-json\/wp\/v2\/users\/1"}],"replies":[{"embeddable":true,"href":"https:\/\/www.caririemacao.com\/1\/wp-json\/wp\/v2\/comments?post=97291"}],"version-history":[{"count":1,"href":"https:\/\/www.caririemacao.com\/1\/wp-json\/wp\/v2\/posts\/97291\/revisions"}],"predecessor-version":[{"id":97293,"href":"https:\/\/www.caririemacao.com\/1\/wp-json\/wp\/v2\/posts\/97291\/revisions\/97293"}],"wp:featuredmedia":[{"embeddable":true,"href":"https:\/\/www.caririemacao.com\/1\/wp-json\/wp\/v2\/media\/97292"}],"wp:attachment":[{"href":"https:\/\/www.caririemacao.com\/1\/wp-json\/wp\/v2\/media?parent=97291"}],"wp:term":[{"taxonomy":"category","embeddable":true,"href":"https:\/\/www.caririemacao.com\/1\/wp-json\/wp\/v2\/categories?post=97291"},{"taxonomy":"post_tag","embeddable":true,"href":"https:\/\/www.caririemacao.com\/1\/wp-json\/wp\/v2\/tags?post=97291"}],"curies":[{"name":"wp","href":"https:\/\/api.w.org\/{rel}","templated":true}]}}