{"id":97310,"date":"2019-05-30T13:14:38","date_gmt":"2019-05-30T16:14:38","guid":{"rendered":"http:\/\/www.caririemacao.com\/1\/?p=97310"},"modified":"2019-05-30T13:14:38","modified_gmt":"2019-05-30T16:14:38","slug":"motoristas-viram-a-noite-em-fila-para-garantir-gasolina-sem-imposto","status":"publish","type":"post","link":"https:\/\/www.caririemacao.com\/1\/2019\/05\/30\/motoristas-viram-a-noite-em-fila-para-garantir-gasolina-sem-imposto\/","title":{"rendered":"Motoristas viram a noite em fila para garantir gasolina sem imposto"},"content":{"rendered":"\n<p>Nem uma temperatura de 16\u00b0 foi capaz de fazer um grupo de cerca de 15 motoristas ficar em casa na madrugada desta quinta-feira (30\/5). V\u00e1rias pessoas passaram uma noite dentro dos carros para abastecer em um posto na Asa Norte. O grande objetivo era ser um dos primeiros a serem atendidos durante a mobiliza\u00e7\u00e3o para o\u00a0<a href=\"https:\/\/www.correiobraziliense.com.br\/app\/noticia\/cidades\/2019\/05\/29\/interna_cidadesdf,758291\/mobilizacao-para-o-dia-livre-de-impostos.shtml\">Dia Livre de Impostos.<\/a>\u00a0A fila chegou a 1,6km por volta das 9h da manh\u00e3.<\/p>\n\n\n\n<p>posto Jarjour, na altura da 206 Norte, \u00e9 um dos estabelecimentos que participam da mobiliza\u00e7\u00e3o. Durante esta quinta-feira (30\/5), a partir das 7h, o pre\u00e7o do litro da gasolina estar\u00e1 por R$ 2,93 &#8211; com os impostos, o valor sobe para R$ 4,559.\u00a0<\/p>\n\n\n\n<p>Para Claudia Parente, de 52 anos, o pre\u00e7o baixo vale uma noite mal dormida. \u201cA diferen\u00e7a \u00e9 muito grande, quase o dobro do pre\u00e7o. Se a gente aproveitar, a economia na ponta do l\u00e1pis \u00e9 bem significativa\u201d, defende a moradora da Asa Norte.<br>A vigilante ainda explica que ficou sabendo da a\u00e7\u00e3o por avisos de amigos em grupos de WhatsApp e decidiu se antecipar por conta do sufoco que enfrentou na \u00faltima edi\u00e7\u00e3o da mobiliza\u00e7\u00e3o. \u201cAno passado eu at\u00e9 pensei em vim a noite, mas acabei deixando s\u00f3 para de manh\u00e3 e j\u00e1 peguei a fila no fim da Asa Norte, mas agora eu n\u00e3o vou enrolar\u201d.<\/p>\n","protected":false},"excerpt":{"rendered":"<p>Nem uma temperatura de 16\u00b0 foi capaz de fazer um grupo de cerca de 15 motoristas ficar em casa na madrugada desta quinta-feira (30\/5). V\u00e1rias&hellip; <\/p>\n","protected":false},"author":1,"featured_media":96481,"comment_status":"closed","ping_status":"closed","sticky":false,"template":"","format":"standard","meta":{"sfsi_plus_gutenberg_text_before_share":"","sfsi_plus_gutenberg_show_text_before_share":"","sfsi_plus_gutenberg_icon_type":"","sfsi_plus_gutenberg_icon_alignemt":"","sfsi_plus_gutenburg_max_per_row":"","footnotes":""},"categories":[50,2],"tags":[],"class_list":["post-97310","post","type-post","status-publish","format-standard","has-post-thumbnail","hentry","category-destaque","category-geral"],"_links":{"self":[{"href":"https:\/\/www.caririemacao.com\/1\/wp-json\/wp\/v2\/posts\/97310","targetHints":{"allow":["GET"]}}],"collection":[{"href":"https:\/\/www.caririemacao.com\/1\/wp-json\/wp\/v2\/posts"}],"about":[{"href":"https:\/\/www.caririemacao.com\/1\/wp-json\/wp\/v2\/types\/post"}],"author":[{"embeddable":true,"href":"https:\/\/www.caririemacao.com\/1\/wp-json\/wp\/v2\/users\/1"}],"replies":[{"embeddable":true,"href":"https:\/\/www.caririemacao.com\/1\/wp-json\/wp\/v2\/comments?post=97310"}],"version-history":[{"count":1,"href":"https:\/\/www.caririemacao.com\/1\/wp-json\/wp\/v2\/posts\/97310\/revisions"}],"predecessor-version":[{"id":97311,"href":"https:\/\/www.caririemacao.com\/1\/wp-json\/wp\/v2\/posts\/97310\/revisions\/97311"}],"wp:featuredmedia":[{"embeddable":true,"href":"https:\/\/www.caririemacao.com\/1\/wp-json\/wp\/v2\/media\/96481"}],"wp:attachment":[{"href":"https:\/\/www.caririemacao.com\/1\/wp-json\/wp\/v2\/media?parent=97310"}],"wp:term":[{"taxonomy":"category","embeddable":true,"href":"https:\/\/www.caririemacao.com\/1\/wp-json\/wp\/v2\/categories?post=97310"},{"taxonomy":"post_tag","embeddable":true,"href":"https:\/\/www.caririemacao.com\/1\/wp-json\/wp\/v2\/tags?post=97310"}],"curies":[{"name":"wp","href":"https:\/\/api.w.org\/{rel}","templated":true}]}}