{"id":97314,"date":"2019-05-30T13:18:21","date_gmt":"2019-05-30T16:18:21","guid":{"rendered":"http:\/\/www.caririemacao.com\/1\/?p=97314"},"modified":"2019-05-30T13:18:21","modified_gmt":"2019-05-30T16:18:21","slug":"enem-2019-tem-a-menor-taxa-de-inscritos-desde-2010","status":"publish","type":"post","link":"https:\/\/www.caririemacao.com\/1\/2019\/05\/30\/enem-2019-tem-a-menor-taxa-de-inscritos-desde-2010\/","title":{"rendered":"Enem 2019 tem a menor taxa de inscritos desde 2010"},"content":{"rendered":"\n<p>O Exame Nacional do Ensino M\u00e9dio (Enem) teve 5.095.308 inscri\u00e7\u00f5es confirmadas em 2019, menor taxa registrada desde 2010, quando&nbsp; 4,62 milh\u00f5es de pessoas se inscreveram. De acordo com o Instituto Nacional de Estudos e Pesquisas Educacionais An\u00edsio Teixeira (Inep), o balan\u00e7o divulgado nessa ter\u00e7a-feira (28) considera o total de isentos e de pessoas que pagaram o boleto.<br>O documento ainda mostra a rela\u00e7\u00e3o entre as inscri\u00e7\u00f5es realizadas e aquelas que foram efetivadas. Este ano, o exame teve o maior n\u00famero de inscri\u00e7\u00f5es n\u00e3o confirmadas desde 2015.&nbsp;&nbsp;<\/p>\n\n\n\n<figure class=\"wp-block-image\"><img decoding=\"async\" data-src=\"https:\/\/imgsapp2.correiobraziliense.com.br\/app\/noticia_127983242361\/2019\/05\/29\/758559\/20190529183612227628a.png\" alt=\"Clara Lobo\/Esp. CB\/D.A Press\" src=\"data:image\/svg+xml;base64,PHN2ZyB3aWR0aD0iMSIgaGVpZ2h0PSIxIiB4bWxucz0iaHR0cDovL3d3dy53My5vcmcvMjAwMC9zdmciPjwvc3ZnPg==\" class=\"lazyload\" \/><\/figure>\n\n\n\n<p>Segundo o professor de pol\u00edticas p\u00fablicas da Universidade de Bras\u00edlia Remi Castioni a queda de inscritos \u00e9 consequ\u00eancia de diversos fatores, mas o principal deles seria a reabertura do Exame Nacional para Certifica\u00e7\u00e3o de Compet\u00eancias de Jovens e Adultos (Encceja). \u201cMuitas pessoas recorriam ao Enem para&nbsp; conseguir o certificado do ensino m\u00e9dio. Com a volta do Encceja, esses participantes n\u00e3o precisam mais se inscrever no Enem\u201d, afirma.&nbsp;<br>Outro fator que influenciou o n\u00famero de participantes no exame, de acordo com Remi, \u00e9 o aumento da concorr\u00eancia para as vagas nas universidades e das notas de corte. \u201cAs m\u00e9dias de cortes est\u00e3o bem altas e a concorr\u00eancia tamb\u00e9m. Isso pode desmotivar os alunos que n\u00e3o fizeram o ensino m\u00e9dio da forma que desejavam, pois eles acabam achando que n\u00e3o v\u00e3o conseguir passar\u201d, diz. Entretanto, ele ressalta que essa n\u00e3o \u00e9 a melhor escolha. \u201cComo professor acredito que os alunos devem perseguir essa possibilidade. A prova \u00e9 s\u00f3 no fim do ano, d\u00e1 para estudar e se concentrar com tempo\u201d, completa.&nbsp;<\/p>\n","protected":false},"excerpt":{"rendered":"<p>O Exame Nacional do Ensino M\u00e9dio (Enem) teve 5.095.308 inscri\u00e7\u00f5es confirmadas em 2019, menor taxa registrada desde 2010, quando&nbsp; 4,62 milh\u00f5es de pessoas se inscreveram.&hellip; <\/p>\n","protected":false},"author":1,"featured_media":93285,"comment_status":"closed","ping_status":"closed","sticky":false,"template":"","format":"standard","meta":{"sfsi_plus_gutenberg_text_before_share":"","sfsi_plus_gutenberg_show_text_before_share":"","sfsi_plus_gutenberg_icon_type":"","sfsi_plus_gutenberg_icon_alignemt":"","sfsi_plus_gutenburg_max_per_row":"","footnotes":""},"categories":[14],"tags":[],"class_list":["post-97314","post","type-post","status-publish","format-standard","has-post-thumbnail","hentry","category-educacao"],"_links":{"self":[{"href":"https:\/\/www.caririemacao.com\/1\/wp-json\/wp\/v2\/posts\/97314","targetHints":{"allow":["GET"]}}],"collection":[{"href":"https:\/\/www.caririemacao.com\/1\/wp-json\/wp\/v2\/posts"}],"about":[{"href":"https:\/\/www.caririemacao.com\/1\/wp-json\/wp\/v2\/types\/post"}],"author":[{"embeddable":true,"href":"https:\/\/www.caririemacao.com\/1\/wp-json\/wp\/v2\/users\/1"}],"replies":[{"embeddable":true,"href":"https:\/\/www.caririemacao.com\/1\/wp-json\/wp\/v2\/comments?post=97314"}],"version-history":[{"count":1,"href":"https:\/\/www.caririemacao.com\/1\/wp-json\/wp\/v2\/posts\/97314\/revisions"}],"predecessor-version":[{"id":97315,"href":"https:\/\/www.caririemacao.com\/1\/wp-json\/wp\/v2\/posts\/97314\/revisions\/97315"}],"wp:featuredmedia":[{"embeddable":true,"href":"https:\/\/www.caririemacao.com\/1\/wp-json\/wp\/v2\/media\/93285"}],"wp:attachment":[{"href":"https:\/\/www.caririemacao.com\/1\/wp-json\/wp\/v2\/media?parent=97314"}],"wp:term":[{"taxonomy":"category","embeddable":true,"href":"https:\/\/www.caririemacao.com\/1\/wp-json\/wp\/v2\/categories?post=97314"},{"taxonomy":"post_tag","embeddable":true,"href":"https:\/\/www.caririemacao.com\/1\/wp-json\/wp\/v2\/tags?post=97314"}],"curies":[{"name":"wp","href":"https:\/\/api.w.org\/{rel}","templated":true}]}}