{"id":97319,"date":"2019-05-30T13:21:26","date_gmt":"2019-05-30T16:21:26","guid":{"rendered":"http:\/\/www.caririemacao.com\/1\/?p=97319"},"modified":"2019-05-30T13:21:26","modified_gmt":"2019-05-30T16:21:26","slug":"prefeitura-convoca-aprovados-em-processos-seletivos-e-prorroga-prazos-de-inscricoes-e-resultados","status":"publish","type":"post","link":"https:\/\/www.caririemacao.com\/1\/2019\/05\/30\/prefeitura-convoca-aprovados-em-processos-seletivos-e-prorroga-prazos-de-inscricoes-e-resultados\/","title":{"rendered":"Prefeitura convoca aprovados em Processos Seletivos e prorroga prazos de inscri\u00e7\u00f5es e resultados"},"content":{"rendered":"\n<p>A Prefeitura de Sum\u00e9 est\u00e1 convocando aprovados nos Processos Seletivos para Professor de Hist\u00f3ria do Fundamental II e do Programa Alfaletra.<\/p>\n\n\n\n<p>Para&nbsp;<strong>professor de Hist\u00f3ria do Fundamental II<\/strong>&nbsp;est\u00e1 sendo convocada:<\/p>\n\n\n\n<table class=\"wp-block-table\"><tbody><tr><td><strong>NOME<\/strong><\/td><td><strong>INSCRI\u00c7\u00c3O<\/strong><\/td><\/tr><tr><td>S\u00d4NIA MARIA LUNA QUEIROZ<\/td><td>05\/2019<\/td><\/tr><\/tbody><\/table>\n\n\n\n<p>Para o&nbsp;<strong>Programa Alfaletra<\/strong>&nbsp;est\u00e1 sendo convocada:<\/p>\n\n\n\n<table class=\"wp-block-table\"><tbody><tr><td><strong>NOME<\/strong><\/td><td><strong>INSCRI\u00c7\u00c3O<\/strong><\/td><\/tr><tr><td>ANALICE JOSINA DE SOUSA<\/td><td>06\/2019<\/td><\/tr><\/tbody><\/table>\n\n\n\n<p>As candidatas tem at\u00e9 o dia 03 de junho para comparecerem no Setor de Recursos Humanos\/Secretaria de Administra\u00e7\u00e3o para apresenta\u00e7\u00e3o dos documentos e assinatura do contrato.<\/p>\n\n\n\n<p>As convoca\u00e7\u00f5es est\u00e3o publicadas no boletim oficial do munic\u00edpio do dia 30 de maio de 2019.<\/p>\n\n\n\n<p>No mesmo boletim tamb\u00e9m se encontra a prorroga\u00e7\u00e3o das inscri\u00e7\u00f5es para at\u00e9 05 de junho, do Processo Seletivo de Professores e Cadastro de Reserva das Disciplinas das Escolas de Tempo Integral de Ensino Fundamental I e II.<\/p>\n\n\n\n<p>Tamb\u00e9m est\u00e1 publicada, a prorroga\u00e7\u00e3o de prazo para o dia 04 de junho de 2019, do resultado parcial do Processo Seletivo do Programa Crian\u00e7a Feliz.<\/p>\n\n\n\n<p><a href=\"http:\/\/www.sume.pb.gov.br\/wp-content\/uploads\/2019\/05\/EDI%C3%87%C3%83O-30-DE-MAIO-DE-2019.pdf\">EDI\u00c7\u00c3O \u2013 30 DE MAIO DE 2019<\/a><\/p>\n\n\n\n<p>Ascom<\/p>\n","protected":false},"excerpt":{"rendered":"<p>A Prefeitura de Sum\u00e9 est\u00e1 convocando aprovados nos Processos Seletivos para Professor de Hist\u00f3ria do Fundamental II e do Programa Alfaletra. Para&nbsp;professor de Hist\u00f3ria do&hellip; <\/p>\n","protected":false},"author":2,"featured_media":90342,"comment_status":"closed","ping_status":"closed","sticky":false,"template":"","format":"standard","meta":{"sfsi_plus_gutenberg_text_before_share":"","sfsi_plus_gutenberg_show_text_before_share":"","sfsi_plus_gutenberg_icon_type":"","sfsi_plus_gutenberg_icon_alignemt":"","sfsi_plus_gutenburg_max_per_row":"","footnotes":""},"categories":[6,50],"tags":[],"class_list":["post-97319","post","type-post","status-publish","format-standard","has-post-thumbnail","hentry","category-cidades","category-destaque"],"_links":{"self":[{"href":"https:\/\/www.caririemacao.com\/1\/wp-json\/wp\/v2\/posts\/97319","targetHints":{"allow":["GET"]}}],"collection":[{"href":"https:\/\/www.caririemacao.com\/1\/wp-json\/wp\/v2\/posts"}],"about":[{"href":"https:\/\/www.caririemacao.com\/1\/wp-json\/wp\/v2\/types\/post"}],"author":[{"embeddable":true,"href":"https:\/\/www.caririemacao.com\/1\/wp-json\/wp\/v2\/users\/2"}],"replies":[{"embeddable":true,"href":"https:\/\/www.caririemacao.com\/1\/wp-json\/wp\/v2\/comments?post=97319"}],"version-history":[{"count":1,"href":"https:\/\/www.caririemacao.com\/1\/wp-json\/wp\/v2\/posts\/97319\/revisions"}],"predecessor-version":[{"id":97320,"href":"https:\/\/www.caririemacao.com\/1\/wp-json\/wp\/v2\/posts\/97319\/revisions\/97320"}],"wp:featuredmedia":[{"embeddable":true,"href":"https:\/\/www.caririemacao.com\/1\/wp-json\/wp\/v2\/media\/90342"}],"wp:attachment":[{"href":"https:\/\/www.caririemacao.com\/1\/wp-json\/wp\/v2\/media?parent=97319"}],"wp:term":[{"taxonomy":"category","embeddable":true,"href":"https:\/\/www.caririemacao.com\/1\/wp-json\/wp\/v2\/categories?post=97319"},{"taxonomy":"post_tag","embeddable":true,"href":"https:\/\/www.caririemacao.com\/1\/wp-json\/wp\/v2\/tags?post=97319"}],"curies":[{"name":"wp","href":"https:\/\/api.w.org\/{rel}","templated":true}]}}