{"id":97321,"date":"2019-05-30T13:33:28","date_gmt":"2019-05-30T16:33:28","guid":{"rendered":"http:\/\/www.caririemacao.com\/1\/?p=97321"},"modified":"2019-05-30T13:33:28","modified_gmt":"2019-05-30T16:33:28","slug":"justica-do-rio-nega-pedido-de-queiroz-para-anular-quebra-de-sigilo","status":"publish","type":"post","link":"https:\/\/www.caririemacao.com\/1\/2019\/05\/30\/justica-do-rio-nega-pedido-de-queiroz-para-anular-quebra-de-sigilo\/","title":{"rendered":"Justi\u00e7a do Rio nega pedido de Queiroz para anular quebra de sigilo"},"content":{"rendered":"\n<p>O desembargador Ant\u00f4nio Carlos Amado, da 3\u00aa C\u00e2mara Criminal do Tribunal de Justi\u00e7a do Rio, negou nessa quarta-feira (29\/5), o pedido feito pela defesa de Fabr\u00edcio Queiroz para anular a quebra de sigilo fiscal e banc\u00e1rio de 86 pessoas e 9 empresas investigadas no suposto esquema de desvio e lavagem de dinheiro no antigo gabinete do senador Fl\u00e1vio Bolsonaro (PSL-RJ) na Assembleia Legislativo do Rio (Alerj).<\/p>\n\n\n\n<p>O habeas corpus havia sido ajuizado no dia 17 de maio pelo advogado Paulo Klein, que defende a fam\u00edlia de Queiroz. No recurso, ele argumentou que o inqu\u00e9rito conduzido pelo Minist\u00e9rio P\u00fablico do Rio &#8220;acabou sendo contaminado por diversas e insan\u00e1veis ilegalidades&#8221;, como o &#8220;vazamento&#8221; de dados sobre movimenta\u00e7\u00f5es financeiras at\u00edpicas de Queiroz detectadas pelo Conselho de Controle de Atividades Financeiras (Coaf). O caso foi revelado pelo jornal O Estado de S. Paulo em dezembro de 2018.<\/p>\n","protected":false},"excerpt":{"rendered":"<p>O desembargador Ant\u00f4nio Carlos Amado, da 3\u00aa C\u00e2mara Criminal do Tribunal de Justi\u00e7a do Rio, negou nessa quarta-feira (29\/5), o pedido feito pela defesa de&hellip; <\/p>\n","protected":false},"author":1,"featured_media":80514,"comment_status":"closed","ping_status":"closed","sticky":false,"template":"","format":"standard","meta":{"sfsi_plus_gutenberg_text_before_share":"","sfsi_plus_gutenberg_show_text_before_share":"","sfsi_plus_gutenberg_icon_type":"","sfsi_plus_gutenberg_icon_alignemt":"","sfsi_plus_gutenburg_max_per_row":"","footnotes":""},"categories":[11],"tags":[],"class_list":["post-97321","post","type-post","status-publish","format-standard","has-post-thumbnail","hentry","category-politica"],"_links":{"self":[{"href":"https:\/\/www.caririemacao.com\/1\/wp-json\/wp\/v2\/posts\/97321","targetHints":{"allow":["GET"]}}],"collection":[{"href":"https:\/\/www.caririemacao.com\/1\/wp-json\/wp\/v2\/posts"}],"about":[{"href":"https:\/\/www.caririemacao.com\/1\/wp-json\/wp\/v2\/types\/post"}],"author":[{"embeddable":true,"href":"https:\/\/www.caririemacao.com\/1\/wp-json\/wp\/v2\/users\/1"}],"replies":[{"embeddable":true,"href":"https:\/\/www.caririemacao.com\/1\/wp-json\/wp\/v2\/comments?post=97321"}],"version-history":[{"count":1,"href":"https:\/\/www.caririemacao.com\/1\/wp-json\/wp\/v2\/posts\/97321\/revisions"}],"predecessor-version":[{"id":97323,"href":"https:\/\/www.caririemacao.com\/1\/wp-json\/wp\/v2\/posts\/97321\/revisions\/97323"}],"wp:featuredmedia":[{"embeddable":true,"href":"https:\/\/www.caririemacao.com\/1\/wp-json\/wp\/v2\/media\/80514"}],"wp:attachment":[{"href":"https:\/\/www.caririemacao.com\/1\/wp-json\/wp\/v2\/media?parent=97321"}],"wp:term":[{"taxonomy":"category","embeddable":true,"href":"https:\/\/www.caririemacao.com\/1\/wp-json\/wp\/v2\/categories?post=97321"},{"taxonomy":"post_tag","embeddable":true,"href":"https:\/\/www.caririemacao.com\/1\/wp-json\/wp\/v2\/tags?post=97321"}],"curies":[{"name":"wp","href":"https:\/\/api.w.org\/{rel}","templated":true}]}}