{"id":97322,"date":"2019-05-30T13:37:43","date_gmt":"2019-05-30T16:37:43","guid":{"rendered":"http:\/\/www.caririemacao.com\/1\/?p=97322"},"modified":"2019-05-30T13:37:43","modified_gmt":"2019-05-30T16:37:43","slug":"pm-prende-dois-jovens-com-armas-em-serra-branca","status":"publish","type":"post","link":"https:\/\/www.caririemacao.com\/1\/2019\/05\/30\/pm-prende-dois-jovens-com-armas-em-serra-branca\/","title":{"rendered":"PM prende dois jovens com armas em Serra Branca"},"content":{"rendered":"\n<p>A Pol\u00edcia Militar prendeu na manh\u00e3 desta quinta-feira, dia 29, d\u00e3o dois jovens portando armas e em atitude suspeita. <\/p>\n\n\n\n<p>A pris\u00e3o ocorreu na cidade de Serra Branca, no trevo do bairro\ndos Pereiros, quando a PM est\u00e1 passando pelo local quando avistou estes jovens\nem atitude suspeita e ao abord\u00e1-los encontrou em posse deles uma arma letal e\nmuni\u00e7\u00f5es.<\/p>\n\n\n\n<p>Os jovens foram presos e encaminhados para serem ouvidos na Delegacia em Sum\u00e9. H\u00e1 informa\u00e7\u00f5es de que eles s\u00e3o de Sum\u00e9 e ambos t\u00eam 15 anos. <\/p>\n","protected":false},"excerpt":{"rendered":"<p>A Pol\u00edcia Militar prendeu na manh\u00e3 desta quinta-feira, dia 29, d\u00e3o dois jovens portando armas e em atitude suspeita. A pris\u00e3o ocorreu na cidade de&hellip; <\/p>\n","protected":false},"author":2,"featured_media":88728,"comment_status":"closed","ping_status":"closed","sticky":false,"template":"","format":"standard","meta":{"sfsi_plus_gutenberg_text_before_share":"","sfsi_plus_gutenberg_show_text_before_share":"","sfsi_plus_gutenberg_icon_type":"","sfsi_plus_gutenberg_icon_alignemt":"","sfsi_plus_gutenburg_max_per_row":"","footnotes":""},"categories":[50,12],"tags":[],"class_list":["post-97322","post","type-post","status-publish","format-standard","has-post-thumbnail","hentry","category-destaque","category-policia"],"_links":{"self":[{"href":"https:\/\/www.caririemacao.com\/1\/wp-json\/wp\/v2\/posts\/97322","targetHints":{"allow":["GET"]}}],"collection":[{"href":"https:\/\/www.caririemacao.com\/1\/wp-json\/wp\/v2\/posts"}],"about":[{"href":"https:\/\/www.caririemacao.com\/1\/wp-json\/wp\/v2\/types\/post"}],"author":[{"embeddable":true,"href":"https:\/\/www.caririemacao.com\/1\/wp-json\/wp\/v2\/users\/2"}],"replies":[{"embeddable":true,"href":"https:\/\/www.caririemacao.com\/1\/wp-json\/wp\/v2\/comments?post=97322"}],"version-history":[{"count":1,"href":"https:\/\/www.caririemacao.com\/1\/wp-json\/wp\/v2\/posts\/97322\/revisions"}],"predecessor-version":[{"id":97327,"href":"https:\/\/www.caririemacao.com\/1\/wp-json\/wp\/v2\/posts\/97322\/revisions\/97327"}],"wp:featuredmedia":[{"embeddable":true,"href":"https:\/\/www.caririemacao.com\/1\/wp-json\/wp\/v2\/media\/88728"}],"wp:attachment":[{"href":"https:\/\/www.caririemacao.com\/1\/wp-json\/wp\/v2\/media?parent=97322"}],"wp:term":[{"taxonomy":"category","embeddable":true,"href":"https:\/\/www.caririemacao.com\/1\/wp-json\/wp\/v2\/categories?post=97322"},{"taxonomy":"post_tag","embeddable":true,"href":"https:\/\/www.caririemacao.com\/1\/wp-json\/wp\/v2\/tags?post=97322"}],"curies":[{"name":"wp","href":"https:\/\/api.w.org\/{rel}","templated":true}]}}