{"id":97339,"date":"2019-05-30T13:51:32","date_gmt":"2019-05-30T16:51:32","guid":{"rendered":"http:\/\/www.caririemacao.com\/1\/?p=97339"},"modified":"2019-05-30T13:51:32","modified_gmt":"2019-05-30T16:51:32","slug":"video-deputado-da-pb-protagoniza-confusao-e-da-cabecada-em-colega","status":"publish","type":"post","link":"https:\/\/www.caririemacao.com\/1\/2019\/05\/30\/video-deputado-da-pb-protagoniza-confusao-e-da-cabecada-em-colega\/","title":{"rendered":"V\u00eddeo: deputado da PB protagoniza confus\u00e3o e d\u00e1 &#8216;cabe\u00e7ada&#8217; em colega"},"content":{"rendered":"\n<p>O deputado estadual paraibano Julian Lemos (PSL), protagonizou uma cena inacredit\u00e1vel no que diz respeito \u00e0 \u00e9tica e conduta parlamentar, dentro da C\u00e2mara Federal.<\/p>\n\n\n\n<p>No v\u00eddeo, que pode ser assistido clicando&nbsp;<a href=\"http:\/\/globotv.globo.com\/editora-globo\/revista-epoca\/v\/deputado-do-psl-da-cabecada-em-colega\/7653622\/\"><strong><em>AQUI<\/em><\/strong><\/a>, o deputado est\u00e1 circulando pela Casa conversando com outros colegas quando esbarra em um deputado, o tumulto tem in\u00edcio e Julian se exalta como se quisesse partir para a briga.<\/p>\n\n\n\n<p>Logo depois os parlamentares que est\u00e3o mais pr\u00f3ximos tentam acalmar os \u00e2nimos e \u00e9 a\u00ed que Julian vai para cima do deputado Expedito Netto, de Rond\u00f4nia, o empurrando com a cabe\u00e7a.<\/p>\n\n\n\n<p>De acordo com informa\u00e7\u00f5es da revista \u00c9poca, Expedito Netto declarou que vai denunciar o paraibano no Conselho de \u00c9tica.<\/p>\n\n\n\n<figure><iframe allowfullscreen=\"\" height=\"360\" data-src=\"https:\/\/www.youtube.com\/embed\/Z0FPBSso1R4\" width=\"640\" src=\"data:image\/svg+xml;base64,PHN2ZyB3aWR0aD0iMSIgaGVpZ2h0PSIxIiB4bWxucz0iaHR0cDovL3d3dy53My5vcmcvMjAwMC9zdmciPjwvc3ZnPg==\" class=\"lazyload\" data-load-mode=\"1\"><\/iframe><\/figure>\n\n\n\n<p><strong><em>PB Agora<\/em><\/strong><\/p>\n","protected":false},"excerpt":{"rendered":"<p>O deputado estadual paraibano Julian Lemos (PSL), protagonizou uma cena inacredit\u00e1vel no que diz respeito \u00e0 \u00e9tica e conduta parlamentar, dentro da C\u00e2mara Federal. No&hellip; <\/p>\n","protected":false},"author":1,"featured_media":97340,"comment_status":"closed","ping_status":"closed","sticky":false,"template":"","format":"standard","meta":{"sfsi_plus_gutenberg_text_before_share":"","sfsi_plus_gutenberg_show_text_before_share":"","sfsi_plus_gutenberg_icon_type":"","sfsi_plus_gutenberg_icon_alignemt":"","sfsi_plus_gutenburg_max_per_row":"","footnotes":""},"categories":[11],"tags":[],"class_list":["post-97339","post","type-post","status-publish","format-standard","has-post-thumbnail","hentry","category-politica"],"_links":{"self":[{"href":"https:\/\/www.caririemacao.com\/1\/wp-json\/wp\/v2\/posts\/97339","targetHints":{"allow":["GET"]}}],"collection":[{"href":"https:\/\/www.caririemacao.com\/1\/wp-json\/wp\/v2\/posts"}],"about":[{"href":"https:\/\/www.caririemacao.com\/1\/wp-json\/wp\/v2\/types\/post"}],"author":[{"embeddable":true,"href":"https:\/\/www.caririemacao.com\/1\/wp-json\/wp\/v2\/users\/1"}],"replies":[{"embeddable":true,"href":"https:\/\/www.caririemacao.com\/1\/wp-json\/wp\/v2\/comments?post=97339"}],"version-history":[{"count":1,"href":"https:\/\/www.caririemacao.com\/1\/wp-json\/wp\/v2\/posts\/97339\/revisions"}],"predecessor-version":[{"id":97341,"href":"https:\/\/www.caririemacao.com\/1\/wp-json\/wp\/v2\/posts\/97339\/revisions\/97341"}],"wp:featuredmedia":[{"embeddable":true,"href":"https:\/\/www.caririemacao.com\/1\/wp-json\/wp\/v2\/media\/97340"}],"wp:attachment":[{"href":"https:\/\/www.caririemacao.com\/1\/wp-json\/wp\/v2\/media?parent=97339"}],"wp:term":[{"taxonomy":"category","embeddable":true,"href":"https:\/\/www.caririemacao.com\/1\/wp-json\/wp\/v2\/categories?post=97339"},{"taxonomy":"post_tag","embeddable":true,"href":"https:\/\/www.caririemacao.com\/1\/wp-json\/wp\/v2\/tags?post=97339"}],"curies":[{"name":"wp","href":"https:\/\/api.w.org\/{rel}","templated":true}]}}