{"id":97344,"date":"2019-05-30T13:55:08","date_gmt":"2019-05-30T16:55:08","guid":{"rendered":"http:\/\/www.caririemacao.com\/1\/?p=97344"},"modified":"2019-05-30T13:55:08","modified_gmt":"2019-05-30T16:55:08","slug":"prefeitura-de-sume-abre-inscricoes-para-monitor-voluntario-do-programa-mais-educacao","status":"publish","type":"post","link":"https:\/\/www.caririemacao.com\/1\/2019\/05\/30\/prefeitura-de-sume-abre-inscricoes-para-monitor-voluntario-do-programa-mais-educacao\/","title":{"rendered":"Prefeitura de Sum\u00e9 abre inscri\u00e7\u00f5es para monitor volunt\u00e1rio do Programa Mais Educa\u00e7\u00e3o"},"content":{"rendered":"\n<p>A Secretaria Municipal de Educa\u00e7\u00e3o est\u00e1 com inscri\u00e7\u00f5es abertas para monitor volunt\u00e1rio do Programa Mais Educa\u00e7\u00e3o.<br>\nAs inscri\u00e7\u00f5es acontecem de 30 de maio a 03 de junho, devendo ser feitas na Secretaria de Educa\u00e7\u00e3o, das 08h \u00e0s 13h. N\u00e3o ser\u00e1 cobrada taxa.<br>\nPodem participar estudantes dos institutos federais e de gradua\u00e7\u00e3o das universidades p\u00fablicas e\/ou particulares, e\/ou graduados e pessoas com conhecimento comprovado, nas \u00e1reas de atividades do Novo Mais Educa\u00e7\u00e3o, conforme estabelecido no Anexo I e II do Edital de Lan\u00e7amento que est\u00e1 publicado no boletim oficial do munic\u00edpio de 30 de maio de 2019.<br>\nA sele\u00e7\u00e3o se dar\u00e1 por uma \u00fanica etapa classificat\u00f3ria e eliminat\u00f3ria, realizada atrav\u00e9s da an\u00e1lise de curr\u00edculo, cuja pontua\u00e7\u00e3o m\u00e1xima ser\u00e1 10 (dez) pontos de acordo com o Anexo III do Edital.<br>\nO Mediador e Facilitador da Aprendizagem receber\u00e1 a t\u00edtulo de ressarcimento o valor a ser definido em Resolu\u00e7\u00e3o pelo Fundo Nacional de Desenvolvimento da Educa\u00e7\u00e3o \u2013 FNDE, para o Programa Mais Educa\u00e7\u00e3o em 2018.<\/p>\n\n\n\n<p>Cada turma dever\u00e1 ser composta por no m\u00e1ximo 30 (trinta) alunos. O Mediador e Facilitador da Aprendizagem selecionado para desenvolver as atividades dos macrocampos ter\u00e1 carga hor\u00e1ria di\u00e1ria m\u00ednima de 60 (sessenta) minutos por turma, perfazendo o m\u00e1ximo de 15 (quinze) horas semanais.<\/p>\n\n\n\n<p>Os Mediadores da Aprendizagem das escolas da sede receber\u00e3o uma bolsa no valor de R$ 150,00 (cento e cinquenta reais) por m\u00eas, por uma turma de acompanhamento pedag\u00f3gico para escolas urbanas que implementarem carga hor\u00e1ria de 15 (quinze) horas.<\/p>\n\n\n\n<p>Para as atividades de livre escolha da escola o Facilitador da Aprendizagem receber\u00e1 uma bolsa no valor de RS 80,00 (oitenta reais) por m\u00eas, por uma turma para as escolas urbanas.<\/p>\n\n\n\n<p>Para as escolas rurais o valor do ressarcimento por turma ser\u00e1 de 50% (cinquenta por cento) maior do que o definido para as escolas urbanas.<\/p>\n\n\n\n<p>A quantidade de turmas de cada Mediadores e Facilitadores da Aprendizagem depender\u00e1 da agenda de atividades da escola e da disponibilidade de tempo do monitor.<\/p>\n\n\n\n<p>Os candidatos selecionados dever\u00e3o participar de uma forma\u00e7\u00e3o inicial para desempenho de suas atribui\u00e7\u00f5es, em local e data a ser definido posteriormente.<\/p>\n\n\n\n<p>Ascom PMS<\/p>\n","protected":false},"excerpt":{"rendered":"<p>A Secretaria Municipal de Educa\u00e7\u00e3o est\u00e1 com inscri\u00e7\u00f5es abertas para monitor volunt\u00e1rio do Programa Mais Educa\u00e7\u00e3o. As inscri\u00e7\u00f5es acontecem de 30 de maio a 03&hellip; <\/p>\n","protected":false},"author":1,"featured_media":47455,"comment_status":"closed","ping_status":"closed","sticky":false,"template":"","format":"standard","meta":{"sfsi_plus_gutenberg_text_before_share":"","sfsi_plus_gutenberg_show_text_before_share":"","sfsi_plus_gutenberg_icon_type":"","sfsi_plus_gutenberg_icon_alignemt":"","sfsi_plus_gutenburg_max_per_row":"","footnotes":""},"categories":[6,50],"tags":[],"class_list":["post-97344","post","type-post","status-publish","format-standard","has-post-thumbnail","hentry","category-cidades","category-destaque"],"_links":{"self":[{"href":"https:\/\/www.caririemacao.com\/1\/wp-json\/wp\/v2\/posts\/97344","targetHints":{"allow":["GET"]}}],"collection":[{"href":"https:\/\/www.caririemacao.com\/1\/wp-json\/wp\/v2\/posts"}],"about":[{"href":"https:\/\/www.caririemacao.com\/1\/wp-json\/wp\/v2\/types\/post"}],"author":[{"embeddable":true,"href":"https:\/\/www.caririemacao.com\/1\/wp-json\/wp\/v2\/users\/1"}],"replies":[{"embeddable":true,"href":"https:\/\/www.caririemacao.com\/1\/wp-json\/wp\/v2\/comments?post=97344"}],"version-history":[{"count":1,"href":"https:\/\/www.caririemacao.com\/1\/wp-json\/wp\/v2\/posts\/97344\/revisions"}],"predecessor-version":[{"id":97345,"href":"https:\/\/www.caririemacao.com\/1\/wp-json\/wp\/v2\/posts\/97344\/revisions\/97345"}],"wp:featuredmedia":[{"embeddable":true,"href":"https:\/\/www.caririemacao.com\/1\/wp-json\/wp\/v2\/media\/47455"}],"wp:attachment":[{"href":"https:\/\/www.caririemacao.com\/1\/wp-json\/wp\/v2\/media?parent=97344"}],"wp:term":[{"taxonomy":"category","embeddable":true,"href":"https:\/\/www.caririemacao.com\/1\/wp-json\/wp\/v2\/categories?post=97344"},{"taxonomy":"post_tag","embeddable":true,"href":"https:\/\/www.caririemacao.com\/1\/wp-json\/wp\/v2\/tags?post=97344"}],"curies":[{"name":"wp","href":"https:\/\/api.w.org\/{rel}","templated":true}]}}