{"id":97351,"date":"2019-05-30T13:59:53","date_gmt":"2019-05-30T16:59:53","guid":{"rendered":"http:\/\/www.caririemacao.com\/1\/?p=97351"},"modified":"2019-05-30T13:59:53","modified_gmt":"2019-05-30T16:59:53","slug":"centro-de-referencia-intermunicipal-da-mulher-comeca-a-atender-na-proxima-terca-feira","status":"publish","type":"post","link":"https:\/\/www.caririemacao.com\/1\/2019\/05\/30\/centro-de-referencia-intermunicipal-da-mulher-comeca-a-atender-na-proxima-terca-feira\/","title":{"rendered":"Centro de Refer\u00eancia Intermunicipal da Mulher come\u00e7a a atender na pr\u00f3xima ter\u00e7a-feira"},"content":{"rendered":"\n<p>O Centro de Refer\u00eancia Intermunicipal de Atendimento \u00e0s Mulheres do Cariri: Maria Eliane Pereira dos Anjos, realizou nesta quarta-feira (29\/05), a primeira reuni\u00e3o intermunicipal com os 18 munic\u00edpios consorciados do Cisco. Na ocasi\u00e3o, o presidente do Cisco, Jeferson Roberto, esteve presente.<br>\nO objetivo foi a divulga\u00e7\u00e3o e apresenta\u00e7\u00e3o do Centro de Refer\u00eancia aos munic\u00edpios consorciados e o planejamento da forma\u00e7\u00e3o da Rede Intermunicipal de Enfrentamento \u00e0 Viol\u00eancia Contra \u00e0s Mulheres. <br>\nNo encontro foi ressaltado pela coordenadora do Centro, Lucineide Pereira, a import\u00e2ncia e necessidade urgente da forma\u00e7\u00e3o da rede intermunicipal, a articula\u00e7\u00e3o entre os servi\u00e7os e os munic\u00edpios para enfrentamento da realidade de viol\u00eancia contra a mulher e rompimento do ciclo de viol\u00eancia em que a mesma est\u00e1 inserida.<br>\nO Centro de Refer\u00eancia Intermunicipal de Atendimento \u00e0s Mulheres inicia seu atendimento na pr\u00f3xima ter\u00e7a-feira, 04, com hor\u00e1rio de expediente das 8h \u00e0s 14h e atende mulheres v\u00edtimas de viol\u00eancia dom\u00e9stica e sexual, por meio de equipe t\u00e9cnica especializada formada por assistente social, psic\u00f3loga e advogada, al\u00e9m dos demais profissionais da institui\u00e7\u00e3o.<br>\nAscom\/PMS<\/p>\n","protected":false},"excerpt":{"rendered":"<p>O Centro de Refer\u00eancia Intermunicipal de Atendimento \u00e0s Mulheres do Cariri: Maria Eliane Pereira dos Anjos, realizou nesta quarta-feira (29\/05), a primeira reuni\u00e3o intermunicipal com&hellip; <\/p>\n","protected":false},"author":1,"featured_media":97352,"comment_status":"closed","ping_status":"closed","sticky":false,"template":"","format":"standard","meta":{"sfsi_plus_gutenberg_text_before_share":"","sfsi_plus_gutenberg_show_text_before_share":"","sfsi_plus_gutenberg_icon_type":"","sfsi_plus_gutenberg_icon_alignemt":"","sfsi_plus_gutenburg_max_per_row":"","footnotes":""},"categories":[50,2],"tags":[],"class_list":["post-97351","post","type-post","status-publish","format-standard","has-post-thumbnail","hentry","category-destaque","category-geral"],"_links":{"self":[{"href":"https:\/\/www.caririemacao.com\/1\/wp-json\/wp\/v2\/posts\/97351","targetHints":{"allow":["GET"]}}],"collection":[{"href":"https:\/\/www.caririemacao.com\/1\/wp-json\/wp\/v2\/posts"}],"about":[{"href":"https:\/\/www.caririemacao.com\/1\/wp-json\/wp\/v2\/types\/post"}],"author":[{"embeddable":true,"href":"https:\/\/www.caririemacao.com\/1\/wp-json\/wp\/v2\/users\/1"}],"replies":[{"embeddable":true,"href":"https:\/\/www.caririemacao.com\/1\/wp-json\/wp\/v2\/comments?post=97351"}],"version-history":[{"count":1,"href":"https:\/\/www.caririemacao.com\/1\/wp-json\/wp\/v2\/posts\/97351\/revisions"}],"predecessor-version":[{"id":97353,"href":"https:\/\/www.caririemacao.com\/1\/wp-json\/wp\/v2\/posts\/97351\/revisions\/97353"}],"wp:featuredmedia":[{"embeddable":true,"href":"https:\/\/www.caririemacao.com\/1\/wp-json\/wp\/v2\/media\/97352"}],"wp:attachment":[{"href":"https:\/\/www.caririemacao.com\/1\/wp-json\/wp\/v2\/media?parent=97351"}],"wp:term":[{"taxonomy":"category","embeddable":true,"href":"https:\/\/www.caririemacao.com\/1\/wp-json\/wp\/v2\/categories?post=97351"},{"taxonomy":"post_tag","embeddable":true,"href":"https:\/\/www.caririemacao.com\/1\/wp-json\/wp\/v2\/tags?post=97351"}],"curies":[{"name":"wp","href":"https:\/\/api.w.org\/{rel}","templated":true}]}}