{"id":97361,"date":"2019-05-30T14:15:20","date_gmt":"2019-05-30T17:15:20","guid":{"rendered":"http:\/\/www.caririemacao.com\/1\/?p=97361"},"modified":"2019-05-30T14:15:20","modified_gmt":"2019-05-30T17:15:20","slug":"conselho-de-educacao-fisica-notifica-17-estabelecimentos-e-9-pessoas-por-irregularidades-na-regiao-de-sume","status":"publish","type":"post","link":"https:\/\/www.caririemacao.com\/1\/2019\/05\/30\/conselho-de-educacao-fisica-notifica-17-estabelecimentos-e-9-pessoas-por-irregularidades-na-regiao-de-sume\/","title":{"rendered":"Conselho de Educa\u00e7\u00e3o F\u00edsica notifica 17 estabelecimentos e 9 pessoas por irregularidades na regi\u00e3o de Sum\u00e9"},"content":{"rendered":"\n<p>Onze academias e seis escolas foram notificadas pelo Conselho Regional de Educa\u00e7\u00e3o F\u00edsica da 10\u00aa Regi\u00e3o \u2013 Para\u00edba (CREF10\/PB) em Sum\u00e9, a 264 quil\u00f4metros da Capital, e munic\u00edpios vizinhos.&nbsp;Foram encontradas v\u00e1rias irregularidades, entre elas: falta de registro dos estabelecimentos e de profissionais devidamente habilitados para atender aos usu\u00e1rios. Os notificados devem se regularizar e podem fazer isso, de maneira mais pr\u00e1tica, a partir desta sexta-feira (31), quando come\u00e7a a nova edi\u00e7\u00e3o do projeto \u201cCREF Itinerante\u201d naquela cidade. Outros atendimentos tamb\u00e9m ser\u00e3o realizados, al\u00e9m de cursos gratuitos voltados a estudantes e profissionais da \u00e1rea.&nbsp; &nbsp;<\/p>\n\n\n\n<figure class=\"wp-block-image\"><img decoding=\"async\" data-src=\"http:\/\/paraiba.com.br\/site\/wp-content\/uploads\/2019\/05\/Conselho-1.jpg\" alt=\"\" class=\"wp-image-357274 lazyload\" src=\"data:image\/svg+xml;base64,PHN2ZyB3aWR0aD0iMSIgaGVpZ2h0PSIxIiB4bWxucz0iaHR0cDovL3d3dy53My5vcmcvMjAwMC9zdmciPjwvc3ZnPg==\" \/><figcaption>Divulga\u00e7\u00e3o<\/figcaption><\/figure>\n\n\n\n<p>A fiscaliza\u00e7\u00e3o do CREF10\/PB visitou os munic\u00edpios de: Monteiro, Sum\u00e9, Zabel\u00ea, Congo, Camalau, S\u00e3o Jo\u00e3o do Tigre, S\u00e3o Jos\u00e9 dos Cordeiros, S\u00e3o Sebasti\u00e3o do Umbuzeiro, Ouro Velho, Prata, Amparo, Serra Branca e Coxixola. \u201cTrabalhamos para coibir a pr\u00e1tica ilegal da profiss\u00e3o e garantir a sa\u00fade dos usu\u00e1rios. Por isso, buscamos a regulariza\u00e7\u00e3o dos espa\u00e7os p\u00fablicos, das academias e de todos os profissionais de Educa\u00e7\u00e3o F\u00edsica no estado\u201d, disse o presidente do Conselho, Francisco Martins da Silva.&nbsp;<\/p>\n\n\n\n<p><strong>Outras atividades<\/strong><\/p>\n\n\n\n<p>Tanto nesta sexta-feira quanto no s\u00e1bado (1\u00ba\/06), o CREF10\/PB realizar\u00e1: registro de Pessoa F\u00edsica e Jur\u00eddica, atualiza\u00e7\u00e3o de documentos; emiss\u00e3o de C\u00e9dula de Identidade Profissional (CIP); emiss\u00e3o de credenciamento; negocia\u00e7\u00e3o de d\u00e9bitos; emiss\u00e3o de boletos; possibilidade de contesta\u00e7\u00e3o de notifica\u00e7\u00f5es. Ainda ser\u00e3o realizados os cursos gratuitos: \u201cAvalia\u00e7\u00e3o F\u00edsica\u201d, no dia 31, e \u201cEduca\u00e7\u00e3o F\u00edsica Escolar\u201d, no dia seguinte. As a\u00e7\u00f5es ocorrer\u00e3o na Faculdade do Cariri Paraibano (Unicir), a partir das 8h.<\/p>\n\n\n\n<p><br><strong>Assessoria<\/strong><\/p>\n","protected":false},"excerpt":{"rendered":"<p>Onze academias e seis escolas foram notificadas pelo Conselho Regional de Educa\u00e7\u00e3o F\u00edsica da 10\u00aa Regi\u00e3o \u2013 Para\u00edba (CREF10\/PB) em Sum\u00e9, a 264 quil\u00f4metros da&hellip; <\/p>\n","protected":false},"author":1,"featured_media":44855,"comment_status":"closed","ping_status":"closed","sticky":false,"template":"","format":"standard","meta":{"sfsi_plus_gutenberg_text_before_share":"","sfsi_plus_gutenberg_show_text_before_share":"","sfsi_plus_gutenberg_icon_type":"","sfsi_plus_gutenberg_icon_alignemt":"","sfsi_plus_gutenburg_max_per_row":"","footnotes":""},"categories":[50,2],"tags":[],"class_list":["post-97361","post","type-post","status-publish","format-standard","has-post-thumbnail","hentry","category-destaque","category-geral"],"_links":{"self":[{"href":"https:\/\/www.caririemacao.com\/1\/wp-json\/wp\/v2\/posts\/97361","targetHints":{"allow":["GET"]}}],"collection":[{"href":"https:\/\/www.caririemacao.com\/1\/wp-json\/wp\/v2\/posts"}],"about":[{"href":"https:\/\/www.caririemacao.com\/1\/wp-json\/wp\/v2\/types\/post"}],"author":[{"embeddable":true,"href":"https:\/\/www.caririemacao.com\/1\/wp-json\/wp\/v2\/users\/1"}],"replies":[{"embeddable":true,"href":"https:\/\/www.caririemacao.com\/1\/wp-json\/wp\/v2\/comments?post=97361"}],"version-history":[{"count":1,"href":"https:\/\/www.caririemacao.com\/1\/wp-json\/wp\/v2\/posts\/97361\/revisions"}],"predecessor-version":[{"id":97362,"href":"https:\/\/www.caririemacao.com\/1\/wp-json\/wp\/v2\/posts\/97361\/revisions\/97362"}],"wp:featuredmedia":[{"embeddable":true,"href":"https:\/\/www.caririemacao.com\/1\/wp-json\/wp\/v2\/media\/44855"}],"wp:attachment":[{"href":"https:\/\/www.caririemacao.com\/1\/wp-json\/wp\/v2\/media?parent=97361"}],"wp:term":[{"taxonomy":"category","embeddable":true,"href":"https:\/\/www.caririemacao.com\/1\/wp-json\/wp\/v2\/categories?post=97361"},{"taxonomy":"post_tag","embeddable":true,"href":"https:\/\/www.caririemacao.com\/1\/wp-json\/wp\/v2\/tags?post=97361"}],"curies":[{"name":"wp","href":"https:\/\/api.w.org\/{rel}","templated":true}]}}