{"id":97366,"date":"2019-05-30T14:24:08","date_gmt":"2019-05-30T17:24:08","guid":{"rendered":"http:\/\/www.caririemacao.com\/1\/?p=97366"},"modified":"2019-05-30T14:24:08","modified_gmt":"2019-05-30T17:24:08","slug":"cidades-brasileiras-registram-atos-em-defesa-da-educacao","status":"publish","type":"post","link":"https:\/\/www.caririemacao.com\/1\/2019\/05\/30\/cidades-brasileiras-registram-atos-em-defesa-da-educacao\/","title":{"rendered":"Cidades brasileiras registram atos em defesa da educa\u00e7\u00e3o"},"content":{"rendered":"\n<p>Cidades brasileiras registraram nesta quinta-feira (30) protestos em defesa da educa\u00e7\u00e3o. At\u00e9 por volta de 12h30, ao menos 54 cidades de 18 estados e do Distrito Federal haviam tido manifesta\u00e7\u00f5es.<\/p>\n\n\n\n<p>Este \u00e9 o segundo dia de protestos unificados pelo pa\u00eds contra os\u00a0cortes anunciados pelo governo federal\u00a0para o setor. Em algumas cidades, como Caruaru (PE), S\u00e3o Carlos (SP) e Teresina (PI), houve paralisa\u00e7\u00e3o com ades\u00e3o de professores em institui\u00e7\u00f5es federais de ensino, que ficaram sem parte das aulas.<\/p>\n\n\n\n<p>Os atos seguiram pac\u00edficos por toda a manh\u00e3, mas houve\u00a0confus\u00e3o no in\u00edcio da tarde em Bras\u00edlia. Durante um princ\u00edpio de tumulto entre policiais militares e manifestantes, a pol\u00edcia usou spray de pimenta contra um grupo e um homem foi detido.<a href=\"https:\/\/g1.globo.com\/educacao\/noticia\/2019\/05\/15\/entenda-o-corte-de-verba-das-universidades-federais-e-saiba-como-sao-os-orcamentos-das-10-maiores.ghtml\">E<\/a><\/p>\n\n\n\n<p>Os\u00a0primeiros atos pela educa\u00e7\u00e3o no governo de Jair Bolsonaro ocorreram em 15 de maio, quando ao menos 222 cidades dos 26 estados e do Distrito Federal tiveram protestos. Nesta quinta-feira, parte dos manifestantes tamb\u00e9m protestava contra a reforma da Previd\u00eancia.<\/p>\n\n\n\n<p>No \u00faltimo domingo (26), em uma onda de protestos que ganhou for\u00e7a ap\u00f3s os primeiros atos pela educa\u00e7\u00e3o, manifestantes foram \u00e0s ruas em\u00a0defesa de Jair Bolsonaro. Os atos pr\u00f3-governo federal e por medidas como a reforma da Previd\u00eancia e a ministerial se espalharam por ao menos 156 cidades de todas as unidades da federa\u00e7\u00e3o.<\/p>\n\n\n\n<h2 class=\"wp-block-heading\">Entenda os cortes na educa\u00e7\u00e3o<\/h2>\n\n\n\n<ul class=\"wp-block-list\"><li>Em decreto de mar\u00e7o que bloqueou R$ 29 bilh\u00f5es do Or\u00e7amento 2019, o governo federal contingenciou\u00a0R$ 5,1 bilh\u00f5es da educa\u00e7\u00e3o<\/li><li>Dos R$ 5,8 bilh\u00f5es cortados, R$ 1,704 bilh\u00e3o recai sobre o ensino superior federal<\/li><li>Em maio, a Coordena\u00e7\u00e3o de Aperfei\u00e7oamento de Pessoal de N\u00edvel Superior (Capes) informou sobre a suspens\u00e3o da concess\u00e3o de bolsas de mestrado e doutorado<\/li><li>Os cortes e a suspens\u00e3o motivaram os protestos de 15 de maio<\/li><li>Ap\u00f3s os atos, o governo disse que\u00a0liberaria mais recursos para a educa\u00e7\u00e3o, mas manteve o corte anunciado em mar\u00e7o<\/li><li>Nesta quinta, o Conselho Nacional dos Direitos Humanos\u00a0recomendou que o governo reveja os bloqueios<\/li><\/ul>\n\n\n\n<h2 class=\"wp-block-heading\">Os atos pelos pa\u00eds<\/h2>\n\n\n\n<h2 class=\"wp-block-heading\">S\u00e3o Paulo<\/h2>\n\n\n\n<figure class=\"wp-block-image\"><img decoding=\"async\" data-src=\"https:\/\/s2.glbimg.com\/mS0HfFBQojrwtH3Kbo7N-GSUC0M=\/0x0:1280x960\/984x0\/smart\/filters:strip_icc()\/i.s3.glbimg.com\/v1\/AUTH_59edd422c0c84a879bd37670ae4f538a\/internal_photos\/bs\/2019\/v\/e\/B1wgL2QRypKJCTgC2q3g\/saocarlos.jpg\" alt=\"S\u00c3O CARLOS, 9h: Estudantes da USFCar prostentam nesta quinta-feira (30) \u2014 Foto: Gabrielle Chagas\/G1\" src=\"data:image\/svg+xml;base64,PHN2ZyB3aWR0aD0iMSIgaGVpZ2h0PSIxIiB4bWxucz0iaHR0cDovL3d3dy53My5vcmcvMjAwMC9zdmciPjwvc3ZnPg==\" class=\"lazyload\" \/><\/figure>\n\n\n\n<p>S\u00c3O CARLOS, 9h: Estudantes da USFCar prostentam nesta quinta-feira (30) \u2014 Foto: Gabrielle Chagas\/G1<\/p>\n\n\n\n<p>No interior de S\u00e3o Paulo, o\u00a0protesto em Ribeir\u00e3o Preto\u00a0ocorreu em frente ao campus da USP e durou duas horas. Manifestantes distribu\u00edram panfletos e exibiram cartazes e faixas com frases como \u201cSem investimento n\u00e3o haver\u00e1 conhecimento\u201d e \u201cA educa\u00e7\u00e3o resiste\u201d. Houve bloqueio de uma via na entrada da institui\u00e7\u00e3o, o que deixou o tr\u00e2nsito lento perto da universidade.<\/p>\n\n\n\n<p>Em Santos,\u00a0petroleiros fizeram ato em apoio aos estudantes\u00a0e em defesa das refinarias, contra a privatiza\u00e7\u00e3o e a Reforma da Previd\u00eancia<\/p>\n\n\n\n<p>Em Araraquara, um grupo de estudantes\u00a0protestou na portaria do campus da Universidade Estadual Paulista (Unesp). Eles permitiram a entrada de funcion\u00e1rios terceirizados e alunos que desenvolvem algum tipo de pesquisa cient\u00edfica.<\/p>\n\n\n\n<p>Em S\u00e3o Carlos, estudantes, professores e servidores da Universidade Federal de S\u00e3o Carlos (UFSCar), da Universidade de S\u00e3o Paulo (USP) e do Instituto Federal de S\u00e3o Paulo (IFSP) sa\u00edram em passeata dire\u00e7\u00e3o ao Centro da cidade. Houve paralisa\u00e7\u00e3o na UFScar, segundo a associa\u00e7\u00e3o de professores, mas a assessoria de imprensa da universidade informou que a ades\u00e3o \u00e9 uma decis\u00e3o pessoal e que a institui\u00e7\u00e3o funciona normalmente.<\/p>\n\n\n\n<p><a href=\"https:\/\/g1.globo.com\/sp\/bauru-marilia\/noticia\/2019\/05\/30\/estudantes-fazem-atos-contra-corte-de-verbas-da-educacao-na-regiao-de-bauru.ghtml\">Em Tup\u00e3<\/a>, estudantes e moradores participaram de uma mobiliza\u00e7\u00e3o na frente do campus do Instituto Federal de S\u00e3o Paulo (IFSP). Pais e professores tamb\u00e9m se juntaram ao ato, numa aula aberta que come\u00e7ou por volta de 7h30.<\/p>\n\n\n\n<p><a href=\"https:\/\/g1.globo.com\/sp\/mogi-das-cruzes-suzano\/noticia\/2019\/05\/30\/estudantes-professores-e-lideres-de-movimentos-fazem-aula-publica-em-itaquaquecetuba-em-protesto-contra-cortes-da-educacao.ghtml\">Em Itaquaquecetuba<\/a>, estudantes, professores e l\u00edderes de movimentos fizeram aula p\u00fablica na pra\u00e7a Padre Jo\u00e3o \u00c1lvares.<\/p>\n\n\n\n<h2 class=\"wp-block-heading\">Distrito Federal<\/h2>\n\n\n\n<figure class=\"wp-block-image\"><img decoding=\"async\" data-src=\"https:\/\/s2.glbimg.com\/jGCXJAZ1Z6wUs8iBbm1M9ZBa7xg=\/0x0:1280x960\/984x0\/smart\/filters:strip_icc()\/i.s3.glbimg.com\/v1\/AUTH_59edd422c0c84a879bd37670ae4f538a\/internal_photos\/bs\/2019\/o\/w\/H3bXB5QR6uweo5sdMLYw\/whatsapp-image-2019-05-30-at-11.00.34.jpeg\" alt=\"Manifestantes fazem ato pela educa\u00e7\u00e3o e contra reforma da Previd\u00eancia em Bras\u00edlia \u2014 Foto: Luiza Garonce\/G1\" src=\"data:image\/svg+xml;base64,PHN2ZyB3aWR0aD0iMSIgaGVpZ2h0PSIxIiB4bWxucz0iaHR0cDovL3d3dy53My5vcmcvMjAwMC9zdmciPjwvc3ZnPg==\" class=\"lazyload\" \/><\/figure>\n\n\n\n<p>Manifestantes fazem ato pela educa\u00e7\u00e3o e contra reforma da Previd\u00eancia em Bras\u00edlia \u2014 Foto: Luiza Garonce\/G1<\/p>\n\n\n\n<p><a href=\"https:\/\/g1.globo.com\/df\/distrito-federal\/noticia\/2019\/05\/30\/manifestantes-protestam-em-brasilia-contra-bloqueio-de-verbas-na-educacao.ghtml\">Em Bras\u00edlia<\/a>, os manifestantes come\u00e7aram a se reunir por volta das 10h na pra\u00e7a do Museu Nacional da Rep\u00fablica. Al\u00e9m da pauta da educa\u00e7\u00e3o, eles protestaram contra a reforma da Previd\u00eancia e contra medidas do governador do Distrito Federal, Ibaneis Rocha (MDB).<\/p>\n\n\n\n<p>A Esplanada dos Minist\u00e9rios chegou a ficar bloqueada por volta de 12h15, enquanto os manifestantes caminhavam no sentido Pra\u00e7a dos Tr\u00eas Poderes. Durante o trajeto, houve um princ\u00edpio de tumulto entre policiais militares e manifestantes. A corpora\u00e7\u00e3o usou spray de pimenta contra o grupo, e um homem foi detido.<\/p>\n\n\n\n<figure class=\"wp-block-image\"><img decoding=\"async\" data-src=\"https:\/\/s2.glbimg.com\/rqcD8bHaHLSJX1ZnMRFyjVEjE_s=\/0x0:1280x720\/984x0\/smart\/filters:strip_icc()\/i.s3.glbimg.com\/v1\/AUTH_59edd422c0c84a879bd37670ae4f538a\/internal_photos\/bs\/2019\/I\/0\/Vv0v2XSSm5wJrqCGgVTQ\/whatsapp-image-2019-05-30-at-12.17.08-1-.jpeg\" alt=\"Confus\u00e3o entre policiais militares e estudantes durante protesto contra cortes de verbas na educa\u00e7\u00e3o, em Bras\u00edlia, nesta quinta-feira (30) \u2014 Foto: Luiza Garonce\/G1\" src=\"data:image\/svg+xml;base64,PHN2ZyB3aWR0aD0iMSIgaGVpZ2h0PSIxIiB4bWxucz0iaHR0cDovL3d3dy53My5vcmcvMjAwMC9zdmciPjwvc3ZnPg==\" class=\"lazyload\" \/><\/figure>\n\n\n\n<p>Confus\u00e3o entre policiais militares e estudantes durante protesto contra cortes de verbas na educa\u00e7\u00e3o, em Bras\u00edlia, nesta quinta-feira (30) \u2014 Foto: Luiza Garonce\/G1<\/p>\n\n\n\n<h2 class=\"wp-block-heading\">Bahia<\/h2>\n\n\n\n<figure class=\"wp-block-image\"><img decoding=\"async\" data-src=\"https:\/\/s2.glbimg.com\/bJ9zOX0fVWDh1uojk6oV6s7663s=\/0x0:1192x838\/984x0\/smart\/filters:strip_icc()\/i.s3.glbimg.com\/v1\/AUTH_59edd422c0c84a879bd37670ae4f538a\/internal_photos\/bs\/2019\/P\/A\/U8MtjXSsSmP50LHsYrPA\/protesto.jpg\" alt=\"Salvador, \u00e0s 11h: manifestantes realizam passeata no centro da capital baiana em protesto contra cortes de verbas da educa\u00e7\u00e3o \u2014 Foto: Maiana Belo\/G1 Bahia\" src=\"data:image\/svg+xml;base64,PHN2ZyB3aWR0aD0iMSIgaGVpZ2h0PSIxIiB4bWxucz0iaHR0cDovL3d3dy53My5vcmcvMjAwMC9zdmciPjwvc3ZnPg==\" class=\"lazyload\" \/><\/figure>\n\n\n\n<p>Salvador, \u00e0s 11h: manifestantes realizam passeata no centro da capital baiana em protesto contra cortes de verbas da educa\u00e7\u00e3o \u2014 Foto: Maiana Belo\/G1 Bahia<\/p>\n\n\n\n<p>Na Bahia, professores e estudantes fizeram\u00a0ato nesta manh\u00e3 ato no Centro de Salvador. A concentra\u00e7\u00e3o come\u00e7ou por volta das 9h, no Largo do Campo Grande. Tamb\u00e9m houve\u00a0protesto em Feira de Santana, a cerca de 100 quil\u00f4metros da capital baiana.<\/p>\n\n\n\n<h2 class=\"wp-block-heading\">Pernambuco<\/h2>\n\n\n\n<p>Em Caruaru, no Agreste pernambucano, o ato pela educa\u00e7\u00e3o tamb\u00e9m incluiu a pauta contra a reforma da Previd\u00eancia. Professores, alunos e representantes de partidos e associa\u00e7\u00f5es participaram do movimento e sa\u00edram em caminhada pelas principais ruas do Centro segurando cartazes e gritando palavras de ordem.<\/p>\n\n\n\n<p>O campus de Caruaru do Instituto Federal de Pernambuco (IFPE) aprovou a paralisa\u00e7\u00e3o das aulas nesta quinta. No campus da Universidade Federal de Pernambuco (UFPE), cada professor ir\u00e1 decidir se dar\u00e1 aula ou n\u00e3o.<\/p>\n\n\n\n<h2 class=\"wp-block-heading\">Piau\u00ed<\/h2>\n\n\n\n<figure class=\"wp-block-image\"><img decoding=\"async\" data-src=\"https:\/\/s2.glbimg.com\/NLBiLWuKrpzP6BfAGrAi29zP3Lc=\/0x0:1280x960\/984x0\/smart\/filters:strip_icc()\/i.s3.glbimg.com\/v1\/AUTH_59edd422c0c84a879bd37670ae4f538a\/internal_photos\/bs\/2019\/H\/X\/hmBF2KT422kQ7e76Ne5A\/protesto-teresina5.jpg\" alt=\"TERESINA, 10h00: manifestantes fazem ato no Centro de Teresina.  \u2014 Foto: Lorena Linhares\/G1\" src=\"data:image\/svg+xml;base64,PHN2ZyB3aWR0aD0iMSIgaGVpZ2h0PSIxIiB4bWxucz0iaHR0cDovL3d3dy53My5vcmcvMjAwMC9zdmciPjwvc3ZnPg==\" class=\"lazyload\" \/><\/figure>\n\n\n\n<p>TERESINA, 10h00: manifestantes fazem ato no Centro de Teresina. \u2014 Foto: Lorena Linhares\/G1<\/p>\n\n\n\n<p>Em Teresina, um grupo de\u00a0manifestantes se reuniu na Pra\u00e7a da Liberdade, no Centro de capital piauiense, e saiu em passeata pelas ruas. Professores da Universidade Federal do Piau\u00ed informaram que aderiram \u00e0 greve, e h\u00e1 a previs\u00e3o de que algumas aulas sejam suspensas nesta quinta.<\/p>\n\n\n\n<h2 class=\"wp-block-heading\">Maranh\u00e3o<\/h2>\n\n\n\n<figure class=\"wp-block-image\"><img decoding=\"async\" data-src=\"https:\/\/s2.glbimg.com\/lDRsik9fF3iUOJa8fCofKEcXOyA=\/0x0:1280x720\/984x0\/smart\/filters:strip_icc()\/i.s3.glbimg.com\/v1\/AUTH_59edd422c0c84a879bd37670ae4f538a\/internal_photos\/bs\/2019\/u\/Q\/fXrJNaRwqMOxMl3B0ghA\/whatsapp-image-2019-05-30-at-09.07.35.jpeg\" alt=\"S\u00c3O LU\u00cdS, 6h30: Manifestantes se re\u00fanem na entrada da Ufma nesta quinta-feira (30). \u2014 Foto: Reprodu\u00e7\u00e3o\/ TV Mirante \" src=\"data:image\/svg+xml;base64,PHN2ZyB3aWR0aD0iMSIgaGVpZ2h0PSIxIiB4bWxucz0iaHR0cDovL3d3dy53My5vcmcvMjAwMC9zdmciPjwvc3ZnPg==\" class=\"lazyload\" \/><\/figure>\n\n\n\n<p>S\u00c3O LU\u00cdS, 6h30: Manifestantes se re\u00fanem na entrada da Ufma nesta quinta-feira (30). \u2014 Foto: Reprodu\u00e7\u00e3o\/ TV Mirante<\/p>\n\n\n\n<p>Em S\u00e3o Lu\u00eds, estudantes distribu\u00edram panfletos na Avenida dos Portugueses informando aos motoristas sobre os objetivos do ato e bloquearam acessos na entrada e na sa\u00edda da Universidade Federal do Maranh\u00e3o (UFMA).<\/p>\n\n\n\n<h2 class=\"wp-block-heading\">Sergipe<\/h2>\n\n\n\n<p>Em Sergipe, um grupo de estudantes fechou o principal acesso do campus da Universidade Federal de Sergipe (UFS) no munic\u00edpio de S\u00e3o Crist\u00f3v\u00e3o (SE). As audi\u00eancias no F\u00f3rum Prof. Gon\u00e7alo Rollemberg Leite, localizado dentro do campus, foram suspensas porque os magistrados, servidores, advogados e os jurisdicionados foram impedidos de entrar na unidade.<\/p>\n\n\n\n<h2 class=\"wp-block-heading\">Cear\u00e1<\/h2>\n\n\n\n<p>No Cear\u00e1, at\u00e9 por volta de 10h30, ao menos cinco cidades do interior tiveram atos pela educa\u00e7\u00e3o. Manifestantes protestaram em Iguatu, Itapipoca, Itarema, Barbalha e Quixad\u00e1.<\/p>\n\n\n\n<h2 class=\"wp-block-heading\">Paran\u00e1<\/h2>\n\n\n\n<figure class=\"wp-block-image\"><img decoding=\"async\" data-src=\"https:\/\/s2.glbimg.com\/8N0Vp7kWMgh0zg3UdnXluxVJYkI=\/0x0:1261x707\/984x0\/smart\/filters:strip_icc()\/i.s3.glbimg.com\/v1\/AUTH_59edd422c0c84a879bd37670ae4f538a\/internal_photos\/bs\/2019\/N\/u\/LMiEWIRNSEW6LKtZpxsA\/unioesteato.png\" alt=\"No campus da Unioeste, em Cascavel, grupo se reuniu em ato por volta das 7h30 desta quinta-feira (30) \u2014 Foto: Reprodu\u00e7\u00e3o\/RPC\" src=\"data:image\/svg+xml;base64,PHN2ZyB3aWR0aD0iMSIgaGVpZ2h0PSIxIiB4bWxucz0iaHR0cDovL3d3dy53My5vcmcvMjAwMC9zdmciPjwvc3ZnPg==\" class=\"lazyload\" \/><\/figure>\n\n\n\n<p>No campus da Unioeste, em Cascavel, grupo se reuniu em ato por volta das 7h30 desta quinta-feira (30) \u2014 Foto: Reprodu\u00e7\u00e3o\/RPC<\/p>\n\n\n\n<p>No Paran\u00e1, um grupo de alunos, professores e funcion\u00e1rios da Universidade Estadual do Oeste do Paran\u00e1 (Unioeste) em Cascavel participaram de ato.<\/p>\n\n\n\n<h2 class=\"wp-block-heading\">Mato Grosso<\/h2>\n\n\n\n<figure class=\"wp-block-image\"><img decoding=\"async\" data-src=\"https:\/\/s2.glbimg.com\/4uLTs_NWP0UsT53GSc8IZLAbSyo=\/0x0:1280x720\/984x0\/smart\/filters:strip_icc()\/i.s3.glbimg.com\/v1\/AUTH_59edd422c0c84a879bd37670ae4f538a\/internal_photos\/bs\/2019\/K\/3\/OZsVpMTqAewEbOmY6Fog\/whatsapp-image-2019-05-30-at-08.56.01.jpeg\" alt=\"Rondon\u00f3polis (MT), 8h: Manifestantes se re\u00fanem no Centro nesta quinta-feira (30) \u2014 Foto: Lorena Segala\/TV Centro Am\u00e9rica\" src=\"data:image\/svg+xml;base64,PHN2ZyB3aWR0aD0iMSIgaGVpZ2h0PSIxIiB4bWxucz0iaHR0cDovL3d3dy53My5vcmcvMjAwMC9zdmciPjwvc3ZnPg==\" class=\"lazyload\" \/><\/figure>\n\n\n\n<p>Rondon\u00f3polis (MT), 8h: Manifestantes se re\u00fanem no Centro nesta quinta-feira (30) \u2014 Foto: Lorena Segala\/TV Centro Am\u00e9rica<\/p>\n\n\n\n<p>Em Mato Grosso, manifestantes se reuniram em\u00a0Rondon\u00f3polis\u00a0e\u00a0Tangar\u00e1 da Serra, cidades a 218 e 242 km de Cuiab\u00e1, respectivamente.<\/p>\n\n\n\n<h2 class=\"wp-block-heading\">Par\u00e1<\/h2>\n\n\n\n<figure class=\"wp-block-image\"><img decoding=\"async\" data-src=\"https:\/\/s2.glbimg.com\/NDpNVzV9xVZedecSF43xG4-sIys=\/0x0:1280x720\/984x0\/smart\/filters:strip_icc()\/i.s3.glbimg.com\/v1\/AUTH_59edd422c0c84a879bd37670ae4f538a\/internal_photos\/bs\/2019\/O\/B\/1KqXLaStyVh5tK7QlmMA\/unifesspa.jpg\" alt=\"Alunos e professores da Unifesspa protestam nesta quinta-feira em Marab\u00e1 \u2014 Foto: Reprodu\u00e7\u00e3o\" src=\"data:image\/svg+xml;base64,PHN2ZyB3aWR0aD0iMSIgaGVpZ2h0PSIxIiB4bWxucz0iaHR0cDovL3d3dy53My5vcmcvMjAwMC9zdmciPjwvc3ZnPg==\" class=\"lazyload\" \/><\/figure>\n\n\n\n<p>Alunos e professores da Unifesspa protestam nesta quinta-feira em Marab\u00e1 \u2014 Foto: Reprodu\u00e7\u00e3o<\/p>\n\n\n\n<p>No Par\u00e1, houve paralisa\u00e7\u00f5es de docentes, alunos e t\u00e9cnicos em ao menos quatro cidades. Em Bel\u00e9m, est\u00e3o suspensas as aulas na UFPA, UFRA e IFPA. Os port\u00f5es da UFPA em Altamira, em Tucuru\u00ed e na Universidade Federal do Sul e Sudeste do Par\u00e1 (Unifesspa), em Marab\u00e1, tamb\u00e9m fecharam.<\/p>\n\n\n\n<h2 class=\"wp-block-heading\">Santa Catarina<\/h2>\n\n\n\n<figure class=\"wp-block-image\"><img decoding=\"async\" data-src=\"https:\/\/s2.glbimg.com\/kxh5hv3YpC-5FIxYUcAg13T8iP0=\/0x343:960x951\/984x0\/smart\/filters:strip_icc()\/i.s3.glbimg.com\/v1\/AUTH_59edd422c0c84a879bd37670ae4f538a\/internal_photos\/bs\/2019\/z\/P\/IjGPa1RWmhc0Uwc3p5bA\/389533b2-8bca-4617-967b-e4a4a6871182-1-.jpg\" alt=\"9H, Cambori\u00fa: Estudantes se re\u00fanem no hall do IFC \u2014 Foto: IFC\/Divulga\u00e7\u00e3o\" src=\"data:image\/svg+xml;base64,PHN2ZyB3aWR0aD0iMSIgaGVpZ2h0PSIxIiB4bWxucz0iaHR0cDovL3d3dy53My5vcmcvMjAwMC9zdmciPjwvc3ZnPg==\" class=\"lazyload\" \/><\/figure>\n\n\n\n<p>9H, Cambori\u00fa: Estudantes se re\u00fanem no hall do IFC \u2014 Foto: IFC\/Divulga\u00e7\u00e3o<\/p>\n\n\n\n<p>Em Cambori\u00fa, no Litoral Norte catarinense, um grupo fez cartazes no p\u00e1tio e na entrada do Instituto Federal Catarinense (IFC) nesta manh\u00e3. A concentra\u00e7\u00e3o come\u00e7ou por volta das 9h.<\/p>\n\n\n\n<p>Em Florian\u00f3polis, na Universidade Federal de Santa Catarina (UFSC), os estudantes se organizavam nesta manh\u00e3 em unidades acad\u00eamicas pintando faixas e cartazes.<\/p>\n\n\n\n<h2 class=\"wp-block-heading\">Amap\u00e1<\/h2>\n\n\n\n<p>Em Macap\u00e1,\u00a0um grupo formado por professores e estudantes\u00a0e professores fez ato na portaria do campus Marco Zero da Universidade Federal do Amap\u00e1 (Unifap).<\/p>\n\n\n\n<h2 class=\"wp-block-heading\">Para\u00edba<\/h2>\n\n\n\n<figure class=\"wp-block-image\"><img decoding=\"async\" data-src=\"https:\/\/s2.glbimg.com\/1H14t0dhd8t2OzSm-PEgWwDrZnw=\/0x0:1040x585\/984x0\/smart\/filters:strip_icc()\/i.s3.glbimg.com\/v1\/AUTH_59edd422c0c84a879bd37670ae4f538a\/internal_photos\/bs\/2019\/P\/s\/Zcl1t4S4qur6hb5xDDGw\/mobilizacao-ifpb-sousa.jpeg\" alt=\"SOUSA, PB, 10h: Mobiliza\u00e7\u00e3o de estudantes e professores do IFPB acontece no Centro de Sousa, na Para\u00edba, nesta quinta-feira (30) \u2014 Foto: Beto Silva\/TV Para\u00edba\" src=\"data:image\/svg+xml;base64,PHN2ZyB3aWR0aD0iMSIgaGVpZ2h0PSIxIiB4bWxucz0iaHR0cDovL3d3dy53My5vcmcvMjAwMC9zdmciPjwvc3ZnPg==\" class=\"lazyload\" \/><\/figure>\n\n\n\n<p>SOUSA, PB, 10h: Mobiliza\u00e7\u00e3o de estudantes e professores do IFPB acontece no Centro de Sousa, na Para\u00edba, nesta quinta-feira (30) \u2014 Foto: Beto Silva\/TV Para\u00edba<\/p>\n\n\n\n<p>Na Para\u00edba, grupos de estudantes e professores de universidades e institutos federais fizeram atos em Sousa e Jo\u00e3o Pessoa. Al\u00e9m da pauta da educa\u00e7\u00e3o, eles tamb\u00e9m protestaram contra a reforma da Previd\u00eancia. Em Souza, o grupo montou tendas no Cal\u00e7ad\u00e3o, no Centro da cidade, para conversar com as pessoas sobre a Previd\u00eancia. Na Universidade Federal da Para\u00edba (UFPB), no campus de Jo\u00e3o Pessoa, houve uma panfletagem e caminhada de estudantes e professores. N\u00e3o houve aula na institui\u00e7\u00e3o de manh\u00e3.<\/p>\n\n\n\n<h2 class=\"wp-block-heading\">Acre<\/h2>\n\n\n\n<figure class=\"wp-block-image\"><img decoding=\"async\" data-src=\"https:\/\/s2.glbimg.com\/DE8Gsitnr559Mc5cokyNPtqScdw=\/0x0:965x690\/984x0\/smart\/filters:strip_icc()\/i.s3.glbimg.com\/v1\/AUTH_59edd422c0c84a879bd37670ae4f538a\/internal_photos\/bs\/2019\/S\/D\/g2ljZ2TVq3DAD1vKcIUg\/foto1.jpg\" alt=\"RIO BRANCO, 09h23: Manifestantes se re\u00fanem no Centro de Rio Branco nesta quinta-feira (30) \u2014 Foto: Alcinete Gadelha\/G1\" src=\"data:image\/svg+xml;base64,PHN2ZyB3aWR0aD0iMSIgaGVpZ2h0PSIxIiB4bWxucz0iaHR0cDovL3d3dy53My5vcmcvMjAwMC9zdmciPjwvc3ZnPg==\" class=\"lazyload\" \/><\/figure>\n\n\n\n<p>RIO BRANCO, 09h23: Manifestantes se re\u00fanem no Centro de Rio Branco nesta quinta-feira (30) \u2014 Foto: Alcinete Gadelha\/G1<\/p>\n\n\n\n<p>No Acre, centrais sindicais se reuniram no Centro de Rio Branco em um ato que, al\u00e9m de protestar contra os cortes na educa\u00e7\u00e3o, criticava a reforma da Previd\u00eancia.<\/p>\n\n\n\n<h2 class=\"wp-block-heading\">Rio Grande do Sul<\/h2>\n\n\n\n<figure class=\"wp-block-image\"><img decoding=\"async\" data-src=\"https:\/\/s2.glbimg.com\/_yfvKUaCnUVnw-iSjJs-6qEX1zY=\/0x0:1280x720\/984x0\/smart\/filters:strip_icc()\/i.s3.glbimg.com\/v1\/AUTH_59edd422c0c84a879bd37670ae4f538a\/internal_photos\/bs\/2019\/h\/u\/mTUEyHT6K28daxhpjOnQ\/protesto-iff-santarosa2.jpg\" alt=\"SANTA ROSA, 9h: estudantes se reunem \u2014 Foto: RBS TV\/Reprodu\u00e7\u00e3o\" src=\"data:image\/svg+xml;base64,PHN2ZyB3aWR0aD0iMSIgaGVpZ2h0PSIxIiB4bWxucz0iaHR0cDovL3d3dy53My5vcmcvMjAwMC9zdmciPjwvc3ZnPg==\" class=\"lazyload\" \/><\/figure>\n\n\n\n<p>SANTA ROSA, 9h: estudantes se reunem \u2014 Foto: RBS TV\/Reprodu\u00e7\u00e3o<\/p>\n\n\n\n<p>No Rio Grande do Sul, houve atos em cidades como Pelotas, Santa Rosa, Santa Maria, Rio Grande Lajeado e Ven\u00e2ncio Aires.<\/p>\n\n\n\n<h2 class=\"wp-block-heading\">Mato Grosso do Sul<\/h2>\n\n\n\n<figure class=\"wp-block-image\"><img decoding=\"async\" data-src=\"https:\/\/s2.glbimg.com\/pteg1Tzb7HRY8HSvREAv16Ff0qg=\/0x0:1280x719\/984x0\/smart\/filters:strip_icc()\/i.s3.glbimg.com\/v1\/AUTH_59edd422c0c84a879bd37670ae4f538a\/internal_photos\/bs\/2019\/M\/1\/wadV8BRqCtj77ehPR7UA\/whatsapp-image-2019-05-30-at-09.56.13.jpeg\" alt=\"Campo Grande, 10h: Manifestantes na UFMS \u2014 Foto: Dyego Queiroz\/TV Morena\" src=\"data:image\/svg+xml;base64,PHN2ZyB3aWR0aD0iMSIgaGVpZ2h0PSIxIiB4bWxucz0iaHR0cDovL3d3dy53My5vcmcvMjAwMC9zdmciPjwvc3ZnPg==\" class=\"lazyload\" \/><\/figure>\n\n\n\n<p>Campo Grande, 10h: Manifestantes na UFMS \u2014 Foto: Dyego Queiroz\/TV Morena<\/p>\n\n\n\n<p>Em\u00a0Mato Grosso do Sul, estudantes, professores e ind\u00edgenas fazem atos na capital, Campo Grande, e em munic\u00edpios como Amambai, Anast\u00e1cio e Dourados.<\/p>\n\n\n\n<h2 class=\"wp-block-heading\">Alagoas<\/h2>\n\n\n\n<figure class=\"wp-block-image\"><img decoding=\"async\" data-src=\"https:\/\/s2.glbimg.com\/GzP0pq20bYGPL6PhN9e-hUoeCYo=\/0x123:1040x780\/984x0\/smart\/filters:strip_icc()\/i.s3.glbimg.com\/v1\/AUTH_59edd422c0c84a879bd37670ae4f538a\/internal_photos\/bs\/2019\/u\/z\/VBVe0tT8e411tfDcGBuA\/whatsapp-image-2019-05-30-at-11.52.33.jpeg\" alt=\"ARAPIRACA (AL), 11h55: Professores e estudantes marcham em defesa da educa\u00e7\u00e3o em Arapiraca \u2014 Foto: Janisson Umbelino\/TV Gazeta\" src=\"data:image\/svg+xml;base64,PHN2ZyB3aWR0aD0iMSIgaGVpZ2h0PSIxIiB4bWxucz0iaHR0cDovL3d3dy53My5vcmcvMjAwMC9zdmciPjwvc3ZnPg==\" class=\"lazyload\" \/><\/figure>\n\n\n\n<p>ARAPIRACA (AL), 11h55: Professores e estudantes marcham em defesa da educa\u00e7\u00e3o em Arapiraca \u2014 Foto: Janisson Umbelino\/TV Gazeta<\/p>\n\n\n\n<p>Em Alagoas, estudantes, professores e trabalhadores protestaram na cidade de Arapiraca nesta manh\u00e3.<\/p>\n\n\n\n<h2 class=\"wp-block-heading\">Minas Gerais<\/h2>\n\n\n\n<p>Em\u00a0Minas Gerais, estudantes, professores e servidores p\u00fablicos se reuniram no Centro de Belo Horizonte. Desde as 9h, dois pequenos grupos se reuniam em pra\u00e7as da regi\u00e3o. Na Afonso Arinos, foi montada uma tenda e foram expostos cartazes a favor da educa\u00e7\u00e3o p\u00fablica e tamb\u00e9m com n\u00fameros que representam a quantidade de estudantes e professores na Universidade Federal de Minas (UFMG). J\u00e1 na Pra\u00e7a Sete, manifestantes fizeram panfletagem. Houve paralisa\u00e7\u00e3o no Centro Federal de Educa\u00e7\u00e3o Tecnol\u00f3gica (Cefet).<\/p>\n\n\n\n<p><br><strong>G1<\/strong><\/p>\n","protected":false},"excerpt":{"rendered":"<p>Cidades brasileiras registraram nesta quinta-feira (30) protestos em defesa da educa\u00e7\u00e3o. At\u00e9 por volta de 12h30, ao menos 54 cidades de 18 estados e do&hellip; <\/p>\n","protected":false},"author":1,"featured_media":97367,"comment_status":"closed","ping_status":"closed","sticky":false,"template":"","format":"standard","meta":{"sfsi_plus_gutenberg_text_before_share":"","sfsi_plus_gutenberg_show_text_before_share":"","sfsi_plus_gutenberg_icon_type":"","sfsi_plus_gutenberg_icon_alignemt":"","sfsi_plus_gutenburg_max_per_row":"","footnotes":""},"categories":[11],"tags":[],"class_list":["post-97366","post","type-post","status-publish","format-standard","has-post-thumbnail","hentry","category-politica"],"_links":{"self":[{"href":"https:\/\/www.caririemacao.com\/1\/wp-json\/wp\/v2\/posts\/97366","targetHints":{"allow":["GET"]}}],"collection":[{"href":"https:\/\/www.caririemacao.com\/1\/wp-json\/wp\/v2\/posts"}],"about":[{"href":"https:\/\/www.caririemacao.com\/1\/wp-json\/wp\/v2\/types\/post"}],"author":[{"embeddable":true,"href":"https:\/\/www.caririemacao.com\/1\/wp-json\/wp\/v2\/users\/1"}],"replies":[{"embeddable":true,"href":"https:\/\/www.caririemacao.com\/1\/wp-json\/wp\/v2\/comments?post=97366"}],"version-history":[{"count":1,"href":"https:\/\/www.caririemacao.com\/1\/wp-json\/wp\/v2\/posts\/97366\/revisions"}],"predecessor-version":[{"id":97368,"href":"https:\/\/www.caririemacao.com\/1\/wp-json\/wp\/v2\/posts\/97366\/revisions\/97368"}],"wp:featuredmedia":[{"embeddable":true,"href":"https:\/\/www.caririemacao.com\/1\/wp-json\/wp\/v2\/media\/97367"}],"wp:attachment":[{"href":"https:\/\/www.caririemacao.com\/1\/wp-json\/wp\/v2\/media?parent=97366"}],"wp:term":[{"taxonomy":"category","embeddable":true,"href":"https:\/\/www.caririemacao.com\/1\/wp-json\/wp\/v2\/categories?post=97366"},{"taxonomy":"post_tag","embeddable":true,"href":"https:\/\/www.caririemacao.com\/1\/wp-json\/wp\/v2\/tags?post=97366"}],"curies":[{"name":"wp","href":"https:\/\/api.w.org\/{rel}","templated":true}]}}