{"id":97371,"date":"2019-05-30T14:33:42","date_gmt":"2019-05-30T17:33:42","guid":{"rendered":"http:\/\/www.caririemacao.com\/1\/?p=97371"},"modified":"2019-05-30T14:33:42","modified_gmt":"2019-05-30T17:33:42","slug":"e-mais-uma-fake-news-diz-presidente-da-alpb-sobre-afastamento-entre-joao-e-ricardo","status":"publish","type":"post","link":"https:\/\/www.caririemacao.com\/1\/2019\/05\/30\/e-mais-uma-fake-news-diz-presidente-da-alpb-sobre-afastamento-entre-joao-e-ricardo\/","title":{"rendered":"\u00c9 mais uma fake news, diz presidente da ALPB sobre afastamento entre Jo\u00e3o e Ricardo"},"content":{"rendered":"\n<p>No dia em que a Assembleia Legislativa realizou o primeiro semin\u00e1rio sobre fake news, o presidente da Casa, Adriano Galdino, foi questionado pela imprensa sobre os rumores de distanciamento entre o ex-governador Ricardo Coutinho (PSB) e o atual governador Jo\u00e3o Azevedo (PSB). \u201cIsso \u00e9 fake news, mais um fake news\u201d, disse o presidente.<\/p>\n\n\n\n<p>Por outro lado, o l\u00edder da oposi\u00e7\u00e3o, Raniery Paulino (MDB), quando questionado sobre o tema, disse acreditar num estremecimento da rela\u00e7\u00e3o dos socialistas. \u201cMe parece que existe um estranhamento, mas s\u00f3 cabe a eles dizer se est\u00e3o em paz ou se est\u00e3o em guerra\u201d, declarou o deputado.<\/p>\n\n\n\n<p>J\u00e1 o l\u00edder do G10 na Casa de Epit\u00e1cio Pessoa, deputado J\u00fanior Ara\u00fajo, assim como Adriano Galdino, disse n\u00e3o acreditar no distanciamento de Jo\u00e3o e Ricardo. \u201cToda rela\u00e7\u00e3o pode de alguma forma haver diverg\u00eancias de pensamentos, de atitudes, mas eu n\u00e3o creio em rompimento\u201d, disse.<\/p>\n","protected":false},"excerpt":{"rendered":"<p>No dia em que a Assembleia Legislativa realizou o primeiro semin\u00e1rio sobre fake news, o presidente da Casa, Adriano Galdino, foi questionado pela imprensa sobre&hellip; <\/p>\n","protected":false},"author":1,"featured_media":83336,"comment_status":"closed","ping_status":"closed","sticky":false,"template":"","format":"standard","meta":{"sfsi_plus_gutenberg_text_before_share":"","sfsi_plus_gutenberg_show_text_before_share":"","sfsi_plus_gutenberg_icon_type":"","sfsi_plus_gutenberg_icon_alignemt":"","sfsi_plus_gutenburg_max_per_row":"","footnotes":""},"categories":[11],"tags":[],"class_list":["post-97371","post","type-post","status-publish","format-standard","has-post-thumbnail","hentry","category-politica"],"_links":{"self":[{"href":"https:\/\/www.caririemacao.com\/1\/wp-json\/wp\/v2\/posts\/97371","targetHints":{"allow":["GET"]}}],"collection":[{"href":"https:\/\/www.caririemacao.com\/1\/wp-json\/wp\/v2\/posts"}],"about":[{"href":"https:\/\/www.caririemacao.com\/1\/wp-json\/wp\/v2\/types\/post"}],"author":[{"embeddable":true,"href":"https:\/\/www.caririemacao.com\/1\/wp-json\/wp\/v2\/users\/1"}],"replies":[{"embeddable":true,"href":"https:\/\/www.caririemacao.com\/1\/wp-json\/wp\/v2\/comments?post=97371"}],"version-history":[{"count":1,"href":"https:\/\/www.caririemacao.com\/1\/wp-json\/wp\/v2\/posts\/97371\/revisions"}],"predecessor-version":[{"id":97372,"href":"https:\/\/www.caririemacao.com\/1\/wp-json\/wp\/v2\/posts\/97371\/revisions\/97372"}],"wp:featuredmedia":[{"embeddable":true,"href":"https:\/\/www.caririemacao.com\/1\/wp-json\/wp\/v2\/media\/83336"}],"wp:attachment":[{"href":"https:\/\/www.caririemacao.com\/1\/wp-json\/wp\/v2\/media?parent=97371"}],"wp:term":[{"taxonomy":"category","embeddable":true,"href":"https:\/\/www.caririemacao.com\/1\/wp-json\/wp\/v2\/categories?post=97371"},{"taxonomy":"post_tag","embeddable":true,"href":"https:\/\/www.caririemacao.com\/1\/wp-json\/wp\/v2\/tags?post=97371"}],"curies":[{"name":"wp","href":"https:\/\/api.w.org\/{rel}","templated":true}]}}