{"id":97375,"date":"2019-05-30T14:46:17","date_gmt":"2019-05-30T17:46:17","guid":{"rendered":"http:\/\/www.caririemacao.com\/1\/?p=97375"},"modified":"2019-05-30T14:46:17","modified_gmt":"2019-05-30T17:46:17","slug":"jovem-sumensse-leva-titulo-de-campeao-sul-americano-em-campeonato-de-jiu-jitsu","status":"publish","type":"post","link":"https:\/\/www.caririemacao.com\/1\/2019\/05\/30\/jovem-sumensse-leva-titulo-de-campeao-sul-americano-em-campeonato-de-jiu-jitsu\/","title":{"rendered":"Jovem Sumensse leva t\u00edtulo de Campe\u00e3o Sul-americano em campeonato de Jiu-jitsu"},"content":{"rendered":"\n<p>Neste \u00faltimo domingo (26) o jovem caririzeiro, Luan Carvalho de 19 anos, natural do munic\u00edpio de Sum\u00e9, participou do Campeonato Sul-americano de Jiu-jitsu, que ocorreu em Campina Grande, promovido pela FIFJJD (Federa\u00e7\u00e3o Internacional de Jiu-Jitsu Desportivo).<\/p>\n\n\n\n<p>O jovem caririzeiro, alcan\u00e7ou o 1\u00b0 lugar do Campeonato, levando o t\u00edtulo de Campe\u00e3o Sul-americano.<\/p>\n\n\n\n<p>Esse n\u00e3o foi o \u00fanico campeonato que disputou, Luan j\u00e1 levou o 3\u00b0 lugar no pan-americano de Jiu-jitsu da mesma Federa\u00e7\u00e3o no ano de 2018.<\/p>\n\n\n\n<p>Fora os t\u00edtulos de Jiu-jitsu, ele tamb\u00e9m j\u00e1 conquistou no Jud\u00f4, \u00e9 campe\u00e3o paraibano do Jud\u00f4, atual l\u00edder do ranking na categoria -81kg. Classificado para o campeonato Brasileiro Universit\u00e1rio e Brasileiro Sub 21.<\/p>\n\n\n\n<p>\u201cEu adoro o que fa\u00e7o, amo lutar! Meu foco \u00e9 ser campe\u00e3o mundial de Jiu-jitsu, que esse ano vai acontecer na Bahia e buscar um bom resultado nos brasileiros de Jud\u00f4\u201d. Disse Luan Carvalho ao Portal Para\u00edba Mix.<\/p>\n\n\n\n<p>O atleta ainda lembrou que representa a Unicir Faculdade em Sum\u00e9 onde \u00e9 bolsista e det\u00e9m patroc\u00ednio da institui\u00e7\u00e3o.<\/p>\n\n\n\n<p><strong>Para\u00edba Mix<\/strong><\/p>\n","protected":false},"excerpt":{"rendered":"<p>Neste \u00faltimo domingo (26) o jovem caririzeiro, Luan Carvalho de 19 anos, natural do munic\u00edpio de Sum\u00e9, participou do Campeonato Sul-americano de Jiu-jitsu, que ocorreu&hellip; <\/p>\n","protected":false},"author":1,"featured_media":97376,"comment_status":"closed","ping_status":"closed","sticky":false,"template":"","format":"standard","meta":{"sfsi_plus_gutenberg_text_before_share":"","sfsi_plus_gutenberg_show_text_before_share":"","sfsi_plus_gutenberg_icon_type":"","sfsi_plus_gutenberg_icon_alignemt":"","sfsi_plus_gutenburg_max_per_row":"","footnotes":""},"categories":[6],"tags":[],"class_list":["post-97375","post","type-post","status-publish","format-standard","has-post-thumbnail","hentry","category-cidades"],"_links":{"self":[{"href":"https:\/\/www.caririemacao.com\/1\/wp-json\/wp\/v2\/posts\/97375","targetHints":{"allow":["GET"]}}],"collection":[{"href":"https:\/\/www.caririemacao.com\/1\/wp-json\/wp\/v2\/posts"}],"about":[{"href":"https:\/\/www.caririemacao.com\/1\/wp-json\/wp\/v2\/types\/post"}],"author":[{"embeddable":true,"href":"https:\/\/www.caririemacao.com\/1\/wp-json\/wp\/v2\/users\/1"}],"replies":[{"embeddable":true,"href":"https:\/\/www.caririemacao.com\/1\/wp-json\/wp\/v2\/comments?post=97375"}],"version-history":[{"count":1,"href":"https:\/\/www.caririemacao.com\/1\/wp-json\/wp\/v2\/posts\/97375\/revisions"}],"predecessor-version":[{"id":97377,"href":"https:\/\/www.caririemacao.com\/1\/wp-json\/wp\/v2\/posts\/97375\/revisions\/97377"}],"wp:featuredmedia":[{"embeddable":true,"href":"https:\/\/www.caririemacao.com\/1\/wp-json\/wp\/v2\/media\/97376"}],"wp:attachment":[{"href":"https:\/\/www.caririemacao.com\/1\/wp-json\/wp\/v2\/media?parent=97375"}],"wp:term":[{"taxonomy":"category","embeddable":true,"href":"https:\/\/www.caririemacao.com\/1\/wp-json\/wp\/v2\/categories?post=97375"},{"taxonomy":"post_tag","embeddable":true,"href":"https:\/\/www.caririemacao.com\/1\/wp-json\/wp\/v2\/tags?post=97375"}],"curies":[{"name":"wp","href":"https:\/\/api.w.org\/{rel}","templated":true}]}}