{"id":97382,"date":"2019-05-30T16:29:38","date_gmt":"2019-05-30T19:29:38","guid":{"rendered":"http:\/\/www.caririemacao.com\/1\/?p=97382"},"modified":"2019-05-30T16:29:38","modified_gmt":"2019-05-30T19:29:38","slug":"prefeito-eden-agradece-veneziano-por-liberacao-de-emenda-para-construcao-de-sistema-de-abastecimento-dagua-para-sume","status":"publish","type":"post","link":"https:\/\/www.caririemacao.com\/1\/2019\/05\/30\/prefeito-eden-agradece-veneziano-por-liberacao-de-emenda-para-construcao-de-sistema-de-abastecimento-dagua-para-sume\/","title":{"rendered":"Prefeito \u00c9den agradece Veneziano por libera\u00e7\u00e3o de emenda para constru\u00e7\u00e3o de sistema de abastecimento d\u2019\u00e1gua para Sum\u00e9"},"content":{"rendered":"\n<p>Fazendo usos das suas redes sociais o Prefeito de Sum\u00e9 no Cariri Paraibano, \u00c9den Duarte, agradeceu o senador Veneziano Vital do R\u00eago (PSB) pelo apoio atrav\u00e9s da destina\u00e7\u00e3o de uma emenda de R$ 400 mil, por meio de conv\u00eanio com a Funda\u00e7\u00e3o Nacional de Sa\u00fade (Funasa), que permitir\u00e1 a constru\u00e7\u00e3o do sistema de abastecimento d\u2019\u00e1gua na \u00e1rea do s\u00edtio Agostinho e adjac\u00eancias.<br>\u201cCom recursos de emenda do Senador Veneziano Vital, por meio de conv\u00eanio com a FUNASA, executaremos mais obra h\u00eddrica de grande import\u00e2ncia para nosso Munic\u00edpio. Ser\u00e3o 400 mil reais de investimentos\u201d, disse \u00c9den, por meio de suas redes sociais.<br>O Prefeito ao comemorar a conquista dos recursos, disse da relev\u00e2ncia da emenda n\u00e3o se justifica apenas pelo valor, mas tamb\u00e9m pela \u00e1rea em que ser\u00e1 aplicada: a infraestrutura h\u00eddrica da cidade \u201cAgradecemos ao Senador pela emenda destinada ao munic\u00edpio\u201d, e pela luta de Veneziano por esse que era um sonho desta comunidade.<br>Recentemente \u00c9den destacou o car\u00e1ter municipalista do Senador: \u201cVeneziano \u00e9 um parlamentar que atende n\u00e3o s\u00f3 os interesses do Estado da Para\u00edba, mas tamb\u00e9m dos munic\u00edpios. Ele \u00e9 um Senador municipalista, pois entende que \u00e9 preciso rediscutir o Pacto Federativo que, na atualidade, concentra renda nas m\u00e3os do Governo Federal, o que tem gerado muitas dificuldades aos pequenos munic\u00edpios. E por essa raz\u00e3o tenho certeza de que temos um Senador Municipalista\u201d.<br>Veneziano disse que continua a disposi\u00e7\u00e3o da popula\u00e7\u00e3o de Sum\u00e9 e que seu gabinete est\u00e1 aberto a todos os gestores paraibanos. Ele voltou a reafirmar duas bandeiras de seu mandato em favor das cidades: a Reforma Tribut\u00e1ria e o Pacto Federativo. Ele lembrou que esses dois temas s\u00e3o defendidos pela Confedera\u00e7\u00e3o Nacional dos Munic\u00edpios (CNM) e pelas entidades estaduais e regionais que representam os mais de cinco mil munic\u00edpios brasileiros.<br><\/p>\n\n\n\n<p>Com Ascom<\/p>\n","protected":false},"excerpt":{"rendered":"<p>Fazendo usos das suas redes sociais o Prefeito de Sum\u00e9 no Cariri Paraibano, \u00c9den Duarte, agradeceu o senador Veneziano Vital do R\u00eago (PSB) pelo apoio&hellip; <\/p>\n","protected":false},"author":1,"featured_media":97383,"comment_status":"closed","ping_status":"closed","sticky":false,"template":"","format":"standard","meta":{"sfsi_plus_gutenberg_text_before_share":"","sfsi_plus_gutenberg_show_text_before_share":"","sfsi_plus_gutenberg_icon_type":"","sfsi_plus_gutenberg_icon_alignemt":"","sfsi_plus_gutenburg_max_per_row":"","footnotes":""},"categories":[2],"tags":[],"class_list":["post-97382","post","type-post","status-publish","format-standard","has-post-thumbnail","hentry","category-geral"],"_links":{"self":[{"href":"https:\/\/www.caririemacao.com\/1\/wp-json\/wp\/v2\/posts\/97382","targetHints":{"allow":["GET"]}}],"collection":[{"href":"https:\/\/www.caririemacao.com\/1\/wp-json\/wp\/v2\/posts"}],"about":[{"href":"https:\/\/www.caririemacao.com\/1\/wp-json\/wp\/v2\/types\/post"}],"author":[{"embeddable":true,"href":"https:\/\/www.caririemacao.com\/1\/wp-json\/wp\/v2\/users\/1"}],"replies":[{"embeddable":true,"href":"https:\/\/www.caririemacao.com\/1\/wp-json\/wp\/v2\/comments?post=97382"}],"version-history":[{"count":1,"href":"https:\/\/www.caririemacao.com\/1\/wp-json\/wp\/v2\/posts\/97382\/revisions"}],"predecessor-version":[{"id":97384,"href":"https:\/\/www.caririemacao.com\/1\/wp-json\/wp\/v2\/posts\/97382\/revisions\/97384"}],"wp:featuredmedia":[{"embeddable":true,"href":"https:\/\/www.caririemacao.com\/1\/wp-json\/wp\/v2\/media\/97383"}],"wp:attachment":[{"href":"https:\/\/www.caririemacao.com\/1\/wp-json\/wp\/v2\/media?parent=97382"}],"wp:term":[{"taxonomy":"category","embeddable":true,"href":"https:\/\/www.caririemacao.com\/1\/wp-json\/wp\/v2\/categories?post=97382"},{"taxonomy":"post_tag","embeddable":true,"href":"https:\/\/www.caririemacao.com\/1\/wp-json\/wp\/v2\/tags?post=97382"}],"curies":[{"name":"wp","href":"https:\/\/api.w.org\/{rel}","templated":true}]}}