{"id":97392,"date":"2019-05-30T17:44:48","date_gmt":"2019-05-30T20:44:48","guid":{"rendered":"http:\/\/www.caririemacao.com\/1\/?p=97392"},"modified":"2019-05-30T17:44:48","modified_gmt":"2019-05-30T20:44:48","slug":"manifestantes-vao-as-ruas-em-campina-grande-contra-os-cortes-na-educacao","status":"publish","type":"post","link":"https:\/\/www.caririemacao.com\/1\/2019\/05\/30\/manifestantes-vao-as-ruas-em-campina-grande-contra-os-cortes-na-educacao\/","title":{"rendered":"Manifestantes v\u00e3o \u00e0s ruas em Campina Grande contra os cortes na educa\u00e7\u00e3o"},"content":{"rendered":"\n<p>Centenas de pessoas foram \u00e0s ruas do Centro de Campina Grande na tarde desta quinta-feira, 30, em apoio \u00e0 \u201cgreve geral\u201d, convocada pelas entidades sindicais e estudantis contra cortes or\u00e7ament\u00e1rios nas universidades e institui\u00e7\u00f5es federais e contra a reforma da Previd\u00eancia.<\/p>\n\n\n\n<figure class=\"wp-block-image\"><img decoding=\"async\" data-src=\"https:\/\/paraibaonline.com.br\/wp-content\/uploads\/2019\/05\/WhatsApp-Image-2019-05-30-at-17.11.38.jpeg\" alt=\"Foto: Paraibaonline\" class=\"wp-image-740783 lazyload\" src=\"data:image\/svg+xml;base64,PHN2ZyB3aWR0aD0iMSIgaGVpZ2h0PSIxIiB4bWxucz0iaHR0cDovL3d3dy53My5vcmcvMjAwMC9zdmciPjwvc3ZnPg==\" \/><\/figure>\n\n\n\n<p>Foto: Paraibaonline<\/p>\n\n\n\n<p>A manifesta\u00e7\u00e3o \u00e9 um desdobramento do chamado \u2018Tsunami da Educa\u00e7\u00e3o\u2019, realizado no \u00faltimo dia 15 e que contou com protestos em mais de 200 cidades do pa\u00eds.<\/p>\n\n\n\n<p>Com gritos de ordem, faixas e bandeiras, os manifestantes pararam o tr\u00e2nsito da Rua Maciel Pinheiro com a Avenida Floriano Peixoto.<\/p>\n\n\n\n<p>Veja as imagens:<\/p>\n\n\n\n<figure><iframe data-src=\"https:\/\/www.youtube.com\/embed\/gO-X2jszR1g?version=3&amp;rel=1&amp;fs=1&amp;autohide=2&amp;showsearch=0&amp;showinfo=1&amp;iv_load_policy=1&amp;wmode=transparent\" allowfullscreen=\"true\" src=\"data:image\/svg+xml;base64,PHN2ZyB3aWR0aD0iMSIgaGVpZ2h0PSIxIiB4bWxucz0iaHR0cDovL3d3dy53My5vcmcvMjAwMC9zdmciPjwvc3ZnPg==\" class=\"lazyload\" data-load-mode=\"1\"><\/iframe><\/figure>\n","protected":false},"excerpt":{"rendered":"<p>Centenas de pessoas foram \u00e0s ruas do Centro de Campina Grande na tarde desta quinta-feira, 30, em apoio \u00e0 \u201cgreve geral\u201d, convocada pelas entidades sindicais&hellip; <\/p>\n","protected":false},"author":1,"featured_media":97393,"comment_status":"closed","ping_status":"closed","sticky":false,"template":"","format":"standard","meta":{"sfsi_plus_gutenberg_text_before_share":"","sfsi_plus_gutenberg_show_text_before_share":"","sfsi_plus_gutenberg_icon_type":"","sfsi_plus_gutenberg_icon_alignemt":"","sfsi_plus_gutenburg_max_per_row":"","footnotes":""},"categories":[2],"tags":[],"class_list":["post-97392","post","type-post","status-publish","format-standard","has-post-thumbnail","hentry","category-geral"],"_links":{"self":[{"href":"https:\/\/www.caririemacao.com\/1\/wp-json\/wp\/v2\/posts\/97392","targetHints":{"allow":["GET"]}}],"collection":[{"href":"https:\/\/www.caririemacao.com\/1\/wp-json\/wp\/v2\/posts"}],"about":[{"href":"https:\/\/www.caririemacao.com\/1\/wp-json\/wp\/v2\/types\/post"}],"author":[{"embeddable":true,"href":"https:\/\/www.caririemacao.com\/1\/wp-json\/wp\/v2\/users\/1"}],"replies":[{"embeddable":true,"href":"https:\/\/www.caririemacao.com\/1\/wp-json\/wp\/v2\/comments?post=97392"}],"version-history":[{"count":1,"href":"https:\/\/www.caririemacao.com\/1\/wp-json\/wp\/v2\/posts\/97392\/revisions"}],"predecessor-version":[{"id":97394,"href":"https:\/\/www.caririemacao.com\/1\/wp-json\/wp\/v2\/posts\/97392\/revisions\/97394"}],"wp:featuredmedia":[{"embeddable":true,"href":"https:\/\/www.caririemacao.com\/1\/wp-json\/wp\/v2\/media\/97393"}],"wp:attachment":[{"href":"https:\/\/www.caririemacao.com\/1\/wp-json\/wp\/v2\/media?parent=97392"}],"wp:term":[{"taxonomy":"category","embeddable":true,"href":"https:\/\/www.caririemacao.com\/1\/wp-json\/wp\/v2\/categories?post=97392"},{"taxonomy":"post_tag","embeddable":true,"href":"https:\/\/www.caririemacao.com\/1\/wp-json\/wp\/v2\/tags?post=97392"}],"curies":[{"name":"wp","href":"https:\/\/api.w.org\/{rel}","templated":true}]}}