{"id":97400,"date":"2019-05-30T17:49:28","date_gmt":"2019-05-30T20:49:28","guid":{"rendered":"http:\/\/www.caririemacao.com\/1\/?p=97400"},"modified":"2019-05-30T17:49:28","modified_gmt":"2019-05-30T20:49:28","slug":"governo-federal-aprova-r-39-mi-para-modernizar-gestao-fiscal-na-pb","status":"publish","type":"post","link":"https:\/\/www.caririemacao.com\/1\/2019\/05\/30\/governo-federal-aprova-r-39-mi-para-modernizar-gestao-fiscal-na-pb\/","title":{"rendered":"Governo Federal aprova R$ 39 mi para modernizar gest\u00e3o fiscal na PB"},"content":{"rendered":"\n<p>O Governo Federal aprovou, nesta quinta-feira (30), um empr\u00e9stimo para o Governo do Estado da Para\u00edba modernizar a sua gest\u00e3o fiscal.<\/p>\n\n\n\n<p>Os recursos da ordem de R$ 38 milh\u00f5es e 412 mil ser\u00e3o adquiridos junto ao Banco Interamericano de Desenvolvimento (BID). O governo estadual dever\u00e1 entrar com a contrapartida de R$ 4 milh\u00f5es e 268 mil.<\/p>\n\n\n\n<p>A proposta foi aprovada hoje na Comiss\u00e3o de Financiamentos Externos (Cofiex), coordenada pela Secretaria de Assuntos Econ\u00f4micos Internacionais do Minist\u00e9rio da Economia.<\/p>\n\n\n\n<p>Para o governo, essa \u00e9 mais uma perspectiva de aumento de receita para investimentos na Para\u00edba.<\/p>\n\n\n\n<p><strong>MaisPB<\/strong><\/p>\n","protected":false},"excerpt":{"rendered":"<p>O Governo Federal aprovou, nesta quinta-feira (30), um empr\u00e9stimo para o Governo do Estado da Para\u00edba modernizar a sua gest\u00e3o fiscal. Os recursos da ordem&hellip; <\/p>\n","protected":false},"author":1,"featured_media":91612,"comment_status":"closed","ping_status":"closed","sticky":false,"template":"","format":"standard","meta":{"sfsi_plus_gutenberg_text_before_share":"","sfsi_plus_gutenberg_show_text_before_share":"","sfsi_plus_gutenberg_icon_type":"","sfsi_plus_gutenberg_icon_alignemt":"","sfsi_plus_gutenburg_max_per_row":"","footnotes":""},"categories":[11],"tags":[],"class_list":["post-97400","post","type-post","status-publish","format-standard","has-post-thumbnail","hentry","category-politica"],"_links":{"self":[{"href":"https:\/\/www.caririemacao.com\/1\/wp-json\/wp\/v2\/posts\/97400","targetHints":{"allow":["GET"]}}],"collection":[{"href":"https:\/\/www.caririemacao.com\/1\/wp-json\/wp\/v2\/posts"}],"about":[{"href":"https:\/\/www.caririemacao.com\/1\/wp-json\/wp\/v2\/types\/post"}],"author":[{"embeddable":true,"href":"https:\/\/www.caririemacao.com\/1\/wp-json\/wp\/v2\/users\/1"}],"replies":[{"embeddable":true,"href":"https:\/\/www.caririemacao.com\/1\/wp-json\/wp\/v2\/comments?post=97400"}],"version-history":[{"count":1,"href":"https:\/\/www.caririemacao.com\/1\/wp-json\/wp\/v2\/posts\/97400\/revisions"}],"predecessor-version":[{"id":97401,"href":"https:\/\/www.caririemacao.com\/1\/wp-json\/wp\/v2\/posts\/97400\/revisions\/97401"}],"wp:featuredmedia":[{"embeddable":true,"href":"https:\/\/www.caririemacao.com\/1\/wp-json\/wp\/v2\/media\/91612"}],"wp:attachment":[{"href":"https:\/\/www.caririemacao.com\/1\/wp-json\/wp\/v2\/media?parent=97400"}],"wp:term":[{"taxonomy":"category","embeddable":true,"href":"https:\/\/www.caririemacao.com\/1\/wp-json\/wp\/v2\/categories?post=97400"},{"taxonomy":"post_tag","embeddable":true,"href":"https:\/\/www.caririemacao.com\/1\/wp-json\/wp\/v2\/tags?post=97400"}],"curies":[{"name":"wp","href":"https:\/\/api.w.org\/{rel}","templated":true}]}}