{"id":97404,"date":"2019-05-30T17:53:09","date_gmt":"2019-05-30T20:53:09","guid":{"rendered":"http:\/\/www.caririemacao.com\/1\/?p=97404"},"modified":"2019-05-30T17:53:09","modified_gmt":"2019-05-30T20:53:09","slug":"capital-tem-manifestacao-contra-corte-na-educacao","status":"publish","type":"post","link":"https:\/\/www.caririemacao.com\/1\/2019\/05\/30\/capital-tem-manifestacao-contra-corte-na-educacao\/","title":{"rendered":"Capital tem manifesta\u00e7\u00e3o contra corte na Educa\u00e7\u00e3o"},"content":{"rendered":"\n<p>Jo\u00e3o Pessoa registra, na tarde desta quinta-feira (30), protesto contra cortes de dinheiro da Educa\u00e7\u00e3o anunciado pelo governo do presidente Jair Bolsonaro.<\/p>\n\n\n\n<p>Os manifestantes se concentraram na Universidade Federal da Para\u00edba (UFPB), no Castelo Branco, e depois sa\u00edram em caminhada at\u00e9 a Pra\u00e7a da Paz, nos Banc\u00e1rios, onde realizam um ato contra a diminui\u00e7\u00e3o dos recursos financeiro do setor.<\/p>\n\n\n\n<p>S\u00f3 na UFPB calcula-se um corte de R$ 40 milh\u00f5es que levaria a demiss\u00e3o de servidores terceirizados e problemas em servi\u00e7os de manuten\u00e7\u00e3o das estruturas das institui\u00e7\u00f5es, bolsas e pesquisas.<\/p>\n\n\n\n<p>\u201cH\u00e1 um corte de R$ 40 milh\u00f5es s\u00f3 na UFPB e isso inviabiliza o pagamento da conta de \u00e1gua, de luz. Estamos com 400 funcion\u00e1rios terceirizados na emin\u00eancia de serem demitidos. Temos tamb\u00e9m cortes nas bolsas de p\u00f3s-gradua\u00e7\u00e3o e mestrados inviabilizando a perman\u00eancia de alunos de cidades do interior porque eles n\u00e3o conseguem ficar na cidade e concluir as pesquisas\u201d, argumentou Rachel Soares, coordenadora do Sindicato dos Trabalhadores em Ensino Superior do Estado da Para\u00edba (SINTESPB).<\/p>\n\n\n\n<p>Na Pra\u00e7a da paz ocorrer\u00e3o, al\u00e9m das falas das autoridades presentes, ser\u00e3o realizadas atividades culturais e apresenta\u00e7\u00f5es musicais. Os protestos ocorrem em 20 estados e ao menos em 65 cidades do pa\u00eds. Este \u00e9 o segundo dia que o povo vai \u00e0s ruas contra cortes na Educa\u00e7\u00e3o.<\/p>\n\n\n\n<p><strong>Roberto Targino \u2013 MaisPB<\/strong><\/p>\n","protected":false},"excerpt":{"rendered":"<p>Jo\u00e3o Pessoa registra, na tarde desta quinta-feira (30), protesto contra cortes de dinheiro da Educa\u00e7\u00e3o anunciado pelo governo do presidente Jair Bolsonaro. Os manifestantes se&hellip; <\/p>\n","protected":false},"author":1,"featured_media":97405,"comment_status":"closed","ping_status":"closed","sticky":false,"template":"","format":"standard","meta":{"sfsi_plus_gutenberg_text_before_share":"","sfsi_plus_gutenberg_show_text_before_share":"","sfsi_plus_gutenberg_icon_type":"","sfsi_plus_gutenberg_icon_alignemt":"","sfsi_plus_gutenburg_max_per_row":"","footnotes":""},"categories":[6],"tags":[],"class_list":["post-97404","post","type-post","status-publish","format-standard","has-post-thumbnail","hentry","category-cidades"],"_links":{"self":[{"href":"https:\/\/www.caririemacao.com\/1\/wp-json\/wp\/v2\/posts\/97404","targetHints":{"allow":["GET"]}}],"collection":[{"href":"https:\/\/www.caririemacao.com\/1\/wp-json\/wp\/v2\/posts"}],"about":[{"href":"https:\/\/www.caririemacao.com\/1\/wp-json\/wp\/v2\/types\/post"}],"author":[{"embeddable":true,"href":"https:\/\/www.caririemacao.com\/1\/wp-json\/wp\/v2\/users\/1"}],"replies":[{"embeddable":true,"href":"https:\/\/www.caririemacao.com\/1\/wp-json\/wp\/v2\/comments?post=97404"}],"version-history":[{"count":1,"href":"https:\/\/www.caririemacao.com\/1\/wp-json\/wp\/v2\/posts\/97404\/revisions"}],"predecessor-version":[{"id":97406,"href":"https:\/\/www.caririemacao.com\/1\/wp-json\/wp\/v2\/posts\/97404\/revisions\/97406"}],"wp:featuredmedia":[{"embeddable":true,"href":"https:\/\/www.caririemacao.com\/1\/wp-json\/wp\/v2\/media\/97405"}],"wp:attachment":[{"href":"https:\/\/www.caririemacao.com\/1\/wp-json\/wp\/v2\/media?parent=97404"}],"wp:term":[{"taxonomy":"category","embeddable":true,"href":"https:\/\/www.caririemacao.com\/1\/wp-json\/wp\/v2\/categories?post=97404"},{"taxonomy":"post_tag","embeddable":true,"href":"https:\/\/www.caririemacao.com\/1\/wp-json\/wp\/v2\/tags?post=97404"}],"curies":[{"name":"wp","href":"https:\/\/api.w.org\/{rel}","templated":true}]}}