{"id":97414,"date":"2019-05-30T17:58:30","date_gmt":"2019-05-30T20:58:30","guid":{"rendered":"http:\/\/www.caririemacao.com\/1\/?p=97414"},"modified":"2019-05-30T17:58:31","modified_gmt":"2019-05-30T20:58:31","slug":"bebe-de-9-meses-que-morreu-no-hospital-de-soledade-foi-estuprada-confirma-laudo","status":"publish","type":"post","link":"https:\/\/www.caririemacao.com\/1\/2019\/05\/30\/bebe-de-9-meses-que-morreu-no-hospital-de-soledade-foi-estuprada-confirma-laudo\/","title":{"rendered":"Beb\u00ea de 9 meses que morreu no Hospital de Soledade foi estuprada, confirma laudo"},"content":{"rendered":"\n<p>A&nbsp;crian\u00e7a de 9 meses que morreu no hospital de Soledade, no Agreste da Para\u00edba,&nbsp;foi estuprada. A informa\u00e7\u00e3o foi confirmada no in\u00edcio da tarde desta quinta-feira (30) pelo N\u00facleo de Medicina e Odontologia Legal (Numol) de Campina Grande, ap\u00f3s exame de corpo de delito.<\/p>\n\n\n\n<p>Conforme o Numol, os resultados dos exames apontam que a crian\u00e7a foi estuprada recentemente. Mas a causa da morte ainda n\u00e3o foi confirmada. No corpo da crian\u00e7a foram encontrados vest\u00edgios do estupro e o material ser\u00e1 encaminhado para an\u00e1lise laboratorial, para tentar identificar o suspeito.<\/p>\n\n\n\n<p>De acordo com o delegado respons\u00e1vel pelo caso, Durval Barros, o crime chocou a todos. \u201cDepois deste laudo, n\u00e3o tenha d\u00favidas de que a pol\u00edcia vai investigar isso at\u00e9 o fim. Um caso desses, de tamanha crueldade, precisa ser investigado e conclu\u00eddo o mais r\u00e1pido poss\u00edvel\u201d, afirmou.<\/p>\n\n\n\n<p>A&nbsp;crian\u00e7a de 9 meses morreu na noite da quarta-feira (29), ap\u00f3s ser levada para o Hospital de Soledade.&nbsp;Conforme um Boletim de Ocorr\u00eancia registrado por um Policial Militar na Delegacia de Pol\u00edcia Civil de Esperan\u00e7a, o PM estava de servi\u00e7o na cidade quando foi acionado pela Guarda Municipal ao hospital.<\/p>\n\n\n\n<p>Ao chegar no local, o m\u00e9dico que atendeu a crian\u00e7a disse que precisava fazer uma den\u00fancia. De acordo com o boletim, o m\u00e9dico relatou ao policial que a crian\u00e7a deu entrada na unidade de sa\u00fade com com 40 graus de febre e morreu ap\u00f3s uma uma crise convulsiva. Ap\u00f3s a morte, o m\u00e9dico analisou o corpo do beb\u00ea e percebeu les\u00f5es na crian\u00e7a que indicam estupro.<\/p>\n\n\n\n<p>Segundo relato da m\u00e3e da crian\u00e7a ao m\u00e9dico, a filha tinha paralisia cerebral e ela havia levado a crian\u00e7a para realizar um exame em Campina Grande. Na volta para S\u00e3o Jos\u00e9 do Sabugi, onde mora, ela parou para jantar em um restaurante de Soledade, foi quando a crian\u00e7a teve convuls\u00f5es e foi levada para o hospital da cidade pela m\u00e3e.<\/p>\n\n\n\n<p><em>Com G1 PB<\/em><\/p>\n","protected":false},"excerpt":{"rendered":"<p>A&nbsp;crian\u00e7a de 9 meses que morreu no hospital de Soledade, no Agreste da Para\u00edba,&nbsp;foi estuprada. A informa\u00e7\u00e3o foi confirmada no in\u00edcio da tarde desta quinta-feira&hellip; <\/p>\n","protected":false},"author":1,"featured_media":40715,"comment_status":"closed","ping_status":"closed","sticky":false,"template":"","format":"standard","meta":{"sfsi_plus_gutenberg_text_before_share":"","sfsi_plus_gutenberg_show_text_before_share":"","sfsi_plus_gutenberg_icon_type":"","sfsi_plus_gutenberg_icon_alignemt":"","sfsi_plus_gutenburg_max_per_row":"","footnotes":""},"categories":[12],"tags":[],"class_list":["post-97414","post","type-post","status-publish","format-standard","has-post-thumbnail","hentry","category-policia"],"_links":{"self":[{"href":"https:\/\/www.caririemacao.com\/1\/wp-json\/wp\/v2\/posts\/97414","targetHints":{"allow":["GET"]}}],"collection":[{"href":"https:\/\/www.caririemacao.com\/1\/wp-json\/wp\/v2\/posts"}],"about":[{"href":"https:\/\/www.caririemacao.com\/1\/wp-json\/wp\/v2\/types\/post"}],"author":[{"embeddable":true,"href":"https:\/\/www.caririemacao.com\/1\/wp-json\/wp\/v2\/users\/1"}],"replies":[{"embeddable":true,"href":"https:\/\/www.caririemacao.com\/1\/wp-json\/wp\/v2\/comments?post=97414"}],"version-history":[{"count":1,"href":"https:\/\/www.caririemacao.com\/1\/wp-json\/wp\/v2\/posts\/97414\/revisions"}],"predecessor-version":[{"id":97415,"href":"https:\/\/www.caririemacao.com\/1\/wp-json\/wp\/v2\/posts\/97414\/revisions\/97415"}],"wp:featuredmedia":[{"embeddable":true,"href":"https:\/\/www.caririemacao.com\/1\/wp-json\/wp\/v2\/media\/40715"}],"wp:attachment":[{"href":"https:\/\/www.caririemacao.com\/1\/wp-json\/wp\/v2\/media?parent=97414"}],"wp:term":[{"taxonomy":"category","embeddable":true,"href":"https:\/\/www.caririemacao.com\/1\/wp-json\/wp\/v2\/categories?post=97414"},{"taxonomy":"post_tag","embeddable":true,"href":"https:\/\/www.caririemacao.com\/1\/wp-json\/wp\/v2\/tags?post=97414"}],"curies":[{"name":"wp","href":"https:\/\/api.w.org\/{rel}","templated":true}]}}