{"id":97420,"date":"2019-05-30T21:04:20","date_gmt":"2019-05-31T00:04:20","guid":{"rendered":"http:\/\/www.caririemacao.com\/1\/?p=97420"},"modified":"2019-05-30T21:04:20","modified_gmt":"2019-05-31T00:04:20","slug":"neste-sabado-tem-cruzeiro-na-copa-integracao-do-cariri","status":"publish","type":"post","link":"https:\/\/www.caririemacao.com\/1\/2019\/05\/30\/neste-sabado-tem-cruzeiro-na-copa-integracao-do-cariri\/","title":{"rendered":"Neste s\u00e1bado tem Cruzeiro na Copa Integra\u00e7\u00e3o do Cariri"},"content":{"rendered":"\n<p>Neste s\u00e1bado tem Cruzeiro de Camala\u00fa X Palmeiras de Boqueir\u00e3o.<\/p>\n\n\n\n<p>O jogo \u00e9 v\u00e1lido pelo 5\u00b0 Rodada da Copa Integra\u00e7\u00e3o De Futebol Do Cariri 2019.<\/p>\n\n\n\n<p>A partida ser\u00e1 em territ\u00f3rio camalauense, e tem in\u00edcio as 15:45, no est\u00e1dio municipal.<\/p>\n","protected":false},"excerpt":{"rendered":"<p>Neste s\u00e1bado tem Cruzeiro de Camala\u00fa X Palmeiras de Boqueir\u00e3o. O jogo \u00e9 v\u00e1lido pelo 5\u00b0 Rodada da Copa Integra\u00e7\u00e3o De Futebol Do Cariri 2019.&hellip; <\/p>\n","protected":false},"author":1,"featured_media":97421,"comment_status":"closed","ping_status":"closed","sticky":false,"template":"","format":"standard","meta":{"sfsi_plus_gutenberg_text_before_share":"","sfsi_plus_gutenberg_show_text_before_share":"","sfsi_plus_gutenberg_icon_type":"","sfsi_plus_gutenberg_icon_alignemt":"","sfsi_plus_gutenburg_max_per_row":"","footnotes":""},"categories":[13],"tags":[],"class_list":["post-97420","post","type-post","status-publish","format-standard","has-post-thumbnail","hentry","category-esportes"],"_links":{"self":[{"href":"https:\/\/www.caririemacao.com\/1\/wp-json\/wp\/v2\/posts\/97420","targetHints":{"allow":["GET"]}}],"collection":[{"href":"https:\/\/www.caririemacao.com\/1\/wp-json\/wp\/v2\/posts"}],"about":[{"href":"https:\/\/www.caririemacao.com\/1\/wp-json\/wp\/v2\/types\/post"}],"author":[{"embeddable":true,"href":"https:\/\/www.caririemacao.com\/1\/wp-json\/wp\/v2\/users\/1"}],"replies":[{"embeddable":true,"href":"https:\/\/www.caririemacao.com\/1\/wp-json\/wp\/v2\/comments?post=97420"}],"version-history":[{"count":1,"href":"https:\/\/www.caririemacao.com\/1\/wp-json\/wp\/v2\/posts\/97420\/revisions"}],"predecessor-version":[{"id":97422,"href":"https:\/\/www.caririemacao.com\/1\/wp-json\/wp\/v2\/posts\/97420\/revisions\/97422"}],"wp:featuredmedia":[{"embeddable":true,"href":"https:\/\/www.caririemacao.com\/1\/wp-json\/wp\/v2\/media\/97421"}],"wp:attachment":[{"href":"https:\/\/www.caririemacao.com\/1\/wp-json\/wp\/v2\/media?parent=97420"}],"wp:term":[{"taxonomy":"category","embeddable":true,"href":"https:\/\/www.caririemacao.com\/1\/wp-json\/wp\/v2\/categories?post=97420"},{"taxonomy":"post_tag","embeddable":true,"href":"https:\/\/www.caririemacao.com\/1\/wp-json\/wp\/v2\/tags?post=97420"}],"curies":[{"name":"wp","href":"https:\/\/api.w.org\/{rel}","templated":true}]}}