{"id":97435,"date":"2019-05-31T06:38:45","date_gmt":"2019-05-31T09:38:45","guid":{"rendered":"http:\/\/www.caririemacao.com\/1\/?p=97435"},"modified":"2019-05-31T06:38:45","modified_gmt":"2019-05-31T09:38:45","slug":"policia-prende-pais-de-bebe-vitima-de-estupro-que-morreu-em-hospital-da-paraiba","status":"publish","type":"post","link":"https:\/\/www.caririemacao.com\/1\/2019\/05\/31\/policia-prende-pais-de-bebe-vitima-de-estupro-que-morreu-em-hospital-da-paraiba\/","title":{"rendered":"Pol\u00edcia prende pais de beb\u00ea v\u00edtima de estupro que morreu em hospital da Para\u00edba"},"content":{"rendered":"\n<p>A Pol\u00edcia Militar prendeu, na tarde desta quinta-feira (30), os pais de um beb\u00ea de 9 meses que morreu ap\u00f3s ser v\u00edtima de estupro. O crime foi confirmado por exame do N\u00facleo de Medicina e Odontologia Legal (NUMOL) de Campina Grande.<\/p>\n\n\n\n<p>O delegado de Pol\u00edcia Civil Durval Barros, que est\u00e1 \u00e0 frente das investiga\u00e7\u00f5es no munic\u00edpio, relatou que o pai e a m\u00e3e do beb\u00ea foram presos. Ele n\u00e3o deu detalhes sobre o local da pris\u00e3o, nem sobre o depoimento ou se eles permanecer\u00e3o detidos.<\/p>\n","protected":false},"excerpt":{"rendered":"<p>A Pol\u00edcia Militar prendeu, na tarde desta quinta-feira (30), os pais de um beb\u00ea de 9 meses que morreu ap\u00f3s ser v\u00edtima de estupro. O&hellip; <\/p>\n","protected":false},"author":1,"featured_media":97436,"comment_status":"closed","ping_status":"closed","sticky":false,"template":"","format":"standard","meta":{"sfsi_plus_gutenberg_text_before_share":"","sfsi_plus_gutenberg_show_text_before_share":"","sfsi_plus_gutenberg_icon_type":"","sfsi_plus_gutenberg_icon_alignemt":"","sfsi_plus_gutenburg_max_per_row":"","footnotes":""},"categories":[12],"tags":[],"class_list":["post-97435","post","type-post","status-publish","format-standard","has-post-thumbnail","hentry","category-policia"],"_links":{"self":[{"href":"https:\/\/www.caririemacao.com\/1\/wp-json\/wp\/v2\/posts\/97435","targetHints":{"allow":["GET"]}}],"collection":[{"href":"https:\/\/www.caririemacao.com\/1\/wp-json\/wp\/v2\/posts"}],"about":[{"href":"https:\/\/www.caririemacao.com\/1\/wp-json\/wp\/v2\/types\/post"}],"author":[{"embeddable":true,"href":"https:\/\/www.caririemacao.com\/1\/wp-json\/wp\/v2\/users\/1"}],"replies":[{"embeddable":true,"href":"https:\/\/www.caririemacao.com\/1\/wp-json\/wp\/v2\/comments?post=97435"}],"version-history":[{"count":1,"href":"https:\/\/www.caririemacao.com\/1\/wp-json\/wp\/v2\/posts\/97435\/revisions"}],"predecessor-version":[{"id":97437,"href":"https:\/\/www.caririemacao.com\/1\/wp-json\/wp\/v2\/posts\/97435\/revisions\/97437"}],"wp:featuredmedia":[{"embeddable":true,"href":"https:\/\/www.caririemacao.com\/1\/wp-json\/wp\/v2\/media\/97436"}],"wp:attachment":[{"href":"https:\/\/www.caririemacao.com\/1\/wp-json\/wp\/v2\/media?parent=97435"}],"wp:term":[{"taxonomy":"category","embeddable":true,"href":"https:\/\/www.caririemacao.com\/1\/wp-json\/wp\/v2\/categories?post=97435"},{"taxonomy":"post_tag","embeddable":true,"href":"https:\/\/www.caririemacao.com\/1\/wp-json\/wp\/v2\/tags?post=97435"}],"curies":[{"name":"wp","href":"https:\/\/api.w.org\/{rel}","templated":true}]}}