{"id":97445,"date":"2019-05-31T06:44:22","date_gmt":"2019-05-31T09:44:22","guid":{"rendered":"http:\/\/www.caririemacao.com\/1\/?p=97445"},"modified":"2019-05-31T06:44:22","modified_gmt":"2019-05-31T09:44:22","slug":"fachin-rejeita-recurso-em-que-lula-questionava-imparcialidade-de-moro","status":"publish","type":"post","link":"https:\/\/www.caririemacao.com\/1\/2019\/05\/31\/fachin-rejeita-recurso-em-que-lula-questionava-imparcialidade-de-moro\/","title":{"rendered":"Fachin rejeita recurso em que Lula questionava imparcialidade de Moro"},"content":{"rendered":"\n<p>O ministro do STF (Supremo Tribunal Federal) Luiz Edson Fachin, relator da Opera\u00e7\u00e3o Lava Jato na Corte, rejeitou recurso feito pela defesa do ex-presidente Luiz In\u00e1cio Lula da Silva que questionava a imparcialidade de Sergio Moro como juiz nos processos contra ele.<\/p>\n\n\n\n<p>Ao negar o pedido, no \u00faltimo dia 20, Fachin diz que n\u00e3o foi comprovada &#8220;rela\u00e7\u00e3o de inimizade capital entre o recorrente e o juiz&#8221;. A defesa havia citado eventuais manifesta\u00e7\u00f5es do magistrado em textos jur\u00eddicos ou palestras de natureza acad\u00eamica, informativa ou cerimonial a respeito de crimes de corrup\u00e7\u00e3o poderia ter comprometido a parcialidade de Moro.<\/p>\n\n\n\n<p>O TRF-4 (Tribunal Regional Federal da 4\u00aa Regi\u00e3o) j\u00e1 havia negado pedidos de suspei\u00e7\u00e3o de Lula contra Moro no ano passado nos processos de recebimento de propina atrav\u00e9s de obras em um s\u00edtio em Atibaia e desvio de recursos atrav\u00e9s da compra de terreno para a constru\u00e7\u00e3o do Instituto Lula.<\/p>\n\n\n\n<p>Fachin alegou que o recurso n\u00e3o merecia prosperar. &#8220;Sob a \u00f3ptica do devido processo legal, cl\u00e1usula que compreende a imposi\u00e7\u00e3o de observ\u00e2ncia do juiz natural, a verifica\u00e7\u00e3o da efetiva parcialidade do julgador imprescindiria, no caso concreto, da pr\u00e9via an\u00e1lise do C\u00f3digo de Processo Penal, circunst\u00e2ncia a revelar que a ofensa \u00e0 Constitui\u00e7\u00e3o, se existente, seria meramente reflexa, o que impede o conhecimento do recurso extraordin\u00e1rio&#8221;, decidiu.<\/p>\n","protected":false},"excerpt":{"rendered":"<p>O ministro do STF (Supremo Tribunal Federal) Luiz Edson Fachin, relator da Opera\u00e7\u00e3o Lava Jato na Corte, rejeitou recurso feito pela defesa do ex-presidente Luiz&hellip; <\/p>\n","protected":false},"author":1,"featured_media":97446,"comment_status":"closed","ping_status":"closed","sticky":false,"template":"","format":"standard","meta":{"sfsi_plus_gutenberg_text_before_share":"","sfsi_plus_gutenberg_show_text_before_share":"","sfsi_plus_gutenberg_icon_type":"","sfsi_plus_gutenberg_icon_alignemt":"","sfsi_plus_gutenburg_max_per_row":"","footnotes":""},"categories":[11],"tags":[],"class_list":["post-97445","post","type-post","status-publish","format-standard","has-post-thumbnail","hentry","category-politica"],"_links":{"self":[{"href":"https:\/\/www.caririemacao.com\/1\/wp-json\/wp\/v2\/posts\/97445","targetHints":{"allow":["GET"]}}],"collection":[{"href":"https:\/\/www.caririemacao.com\/1\/wp-json\/wp\/v2\/posts"}],"about":[{"href":"https:\/\/www.caririemacao.com\/1\/wp-json\/wp\/v2\/types\/post"}],"author":[{"embeddable":true,"href":"https:\/\/www.caririemacao.com\/1\/wp-json\/wp\/v2\/users\/1"}],"replies":[{"embeddable":true,"href":"https:\/\/www.caririemacao.com\/1\/wp-json\/wp\/v2\/comments?post=97445"}],"version-history":[{"count":1,"href":"https:\/\/www.caririemacao.com\/1\/wp-json\/wp\/v2\/posts\/97445\/revisions"}],"predecessor-version":[{"id":97447,"href":"https:\/\/www.caririemacao.com\/1\/wp-json\/wp\/v2\/posts\/97445\/revisions\/97447"}],"wp:featuredmedia":[{"embeddable":true,"href":"https:\/\/www.caririemacao.com\/1\/wp-json\/wp\/v2\/media\/97446"}],"wp:attachment":[{"href":"https:\/\/www.caririemacao.com\/1\/wp-json\/wp\/v2\/media?parent=97445"}],"wp:term":[{"taxonomy":"category","embeddable":true,"href":"https:\/\/www.caririemacao.com\/1\/wp-json\/wp\/v2\/categories?post=97445"},{"taxonomy":"post_tag","embeddable":true,"href":"https:\/\/www.caririemacao.com\/1\/wp-json\/wp\/v2\/tags?post=97445"}],"curies":[{"name":"wp","href":"https:\/\/api.w.org\/{rel}","templated":true}]}}