{"id":97450,"date":"2019-05-31T06:47:51","date_gmt":"2019-05-31T09:47:51","guid":{"rendered":"http:\/\/www.caririemacao.com\/1\/?p=97450"},"modified":"2019-05-31T06:47:51","modified_gmt":"2019-05-31T09:47:51","slug":"pm-susta-possivel-assalto-em-serra-branca-jovens-sao-de-sume-e-foram-apreendidos-com-arma-e-municoes","status":"publish","type":"post","link":"https:\/\/www.caririemacao.com\/1\/2019\/05\/31\/pm-susta-possivel-assalto-em-serra-branca-jovens-sao-de-sume-e-foram-apreendidos-com-arma-e-municoes\/","title":{"rendered":"PM susta poss\u00edvel assalto em Serra Branca; jovens s\u00e3o de Sum\u00e9 e foram apreendidos com arma e muni\u00e7\u00f5es"},"content":{"rendered":"\n<p>A Pol\u00edcia Militar de Serra Branca sustou o que poderia ser um assalto na manh\u00e3 desta quinta-feira (30). Os policiais flagraram dois jovens em atitude suspeita e ao abord\u00e1-los encontrou com eles uma mochila contendo uma espingarda calibre 12 e duas muni\u00e7\u00f5es intactas.<\/p>\n\n\n\n<figure class=\"wp-block-image\"><img decoding=\"async\" data-src=\"http:\/\/deolhonocariri.com.br\/wp-content\/uploads\/2019\/05\/menores_sume_2-600x338.jpg\" alt=\"\" class=\"wp-image-67511 lazyload\" src=\"data:image\/svg+xml;base64,PHN2ZyB3aWR0aD0iMSIgaGVpZ2h0PSIxIiB4bWxucz0iaHR0cDovL3d3dy53My5vcmcvMjAwMC9zdmciPjwvc3ZnPg==\" style=\"--smush-placeholder-width: 600px; --smush-placeholder-aspect-ratio: 600\/338;\" \/><\/figure>\n\n\n\n<p><em>Roupas encontradas na mochila dos menores<\/em><\/p>\n\n\n\n<p>Segundo relato do capit\u00e3o Cl\u00e1udio \u00e0 reportagem do portal De Olho no Cariri, os dois jovens estavam no trevo de acesso a Serra Branca, no bairro dos Pereiros, quando foi visto por uma viatura que passava pelo local. Os policiais os abordaram e mesmo tentando se desfazer da mochila, a PM conseguiu flagrar e nela encontrou a espingarda, duas muni\u00e7\u00f5es intactas, uma delas j\u00e1 na arma, al\u00e9m de duas bermudas e duas camisetas.<\/p>\n\n\n\n<p>Os suspeitos foram conduzidos a Delegacia de Pol\u00edcia Civil e constataram se tratar de menores de idade naturais da cidade de Sum\u00e9. Eles tinham apenas 15 anos. O Conselho Tutelar foi acionado para que sejam tomadas as medidas cab\u00edveis.<\/p>\n\n\n\n<p><strong>De Olho no Cariri<\/strong><\/p>\n","protected":false},"excerpt":{"rendered":"<p>A Pol\u00edcia Militar de Serra Branca sustou o que poderia ser um assalto na manh\u00e3 desta quinta-feira (30). Os policiais flagraram dois jovens em atitude&hellip; <\/p>\n","protected":false},"author":1,"featured_media":97451,"comment_status":"closed","ping_status":"closed","sticky":false,"template":"","format":"standard","meta":{"sfsi_plus_gutenberg_text_before_share":"","sfsi_plus_gutenberg_show_text_before_share":"","sfsi_plus_gutenberg_icon_type":"","sfsi_plus_gutenberg_icon_alignemt":"","sfsi_plus_gutenburg_max_per_row":"","footnotes":""},"categories":[12],"tags":[],"class_list":["post-97450","post","type-post","status-publish","format-standard","has-post-thumbnail","hentry","category-policia"],"_links":{"self":[{"href":"https:\/\/www.caririemacao.com\/1\/wp-json\/wp\/v2\/posts\/97450","targetHints":{"allow":["GET"]}}],"collection":[{"href":"https:\/\/www.caririemacao.com\/1\/wp-json\/wp\/v2\/posts"}],"about":[{"href":"https:\/\/www.caririemacao.com\/1\/wp-json\/wp\/v2\/types\/post"}],"author":[{"embeddable":true,"href":"https:\/\/www.caririemacao.com\/1\/wp-json\/wp\/v2\/users\/1"}],"replies":[{"embeddable":true,"href":"https:\/\/www.caririemacao.com\/1\/wp-json\/wp\/v2\/comments?post=97450"}],"version-history":[{"count":1,"href":"https:\/\/www.caririemacao.com\/1\/wp-json\/wp\/v2\/posts\/97450\/revisions"}],"predecessor-version":[{"id":97452,"href":"https:\/\/www.caririemacao.com\/1\/wp-json\/wp\/v2\/posts\/97450\/revisions\/97452"}],"wp:featuredmedia":[{"embeddable":true,"href":"https:\/\/www.caririemacao.com\/1\/wp-json\/wp\/v2\/media\/97451"}],"wp:attachment":[{"href":"https:\/\/www.caririemacao.com\/1\/wp-json\/wp\/v2\/media?parent=97450"}],"wp:term":[{"taxonomy":"category","embeddable":true,"href":"https:\/\/www.caririemacao.com\/1\/wp-json\/wp\/v2\/categories?post=97450"},{"taxonomy":"post_tag","embeddable":true,"href":"https:\/\/www.caririemacao.com\/1\/wp-json\/wp\/v2\/tags?post=97450"}],"curies":[{"name":"wp","href":"https:\/\/api.w.org\/{rel}","templated":true}]}}