{"id":97462,"date":"2019-05-31T10:24:41","date_gmt":"2019-05-31T13:24:41","guid":{"rendered":"http:\/\/www.caririemacao.com\/1\/?p=97462"},"modified":"2019-05-31T10:24:41","modified_gmt":"2019-05-31T13:24:41","slug":"grupos-de-tabagismo-de-unidades-basicas-de-saude-ajudam-monteirenses-a-deixar-o-vicio","status":"publish","type":"post","link":"https:\/\/www.caririemacao.com\/1\/2019\/05\/31\/grupos-de-tabagismo-de-unidades-basicas-de-saude-ajudam-monteirenses-a-deixar-o-vicio\/","title":{"rendered":"Grupos de Tabagismo de Unidades B\u00e1sicas de Sa\u00fade ajudam monteirenses a deixar o v\u00edcio"},"content":{"rendered":"\n<p>Parar com o v\u00edcio do consumo de cigarros n\u00e3o \u00e9 uma tarefa f\u00e1cil, por\u00e9m, uma boa not\u00edcia \u00e9 que a Prefeitura de Monteiro, atrav\u00e9s da Secretaria de Sa\u00fade oferece gratuitamente um servi\u00e7o de apoio com grupos de incentivo ao abandono do v\u00edcio.<br><\/p>\n\n\n\n<p>O servi\u00e7o \u00e9 oferecido nas Unidades B\u00e1sicas de Sa\u00fade e coordenado pelo NASF \u2013 N\u00facleo de Apoio \u00e0 Sa\u00fade da Fam\u00edlia com o intuito de ajudar pessoas que querem parar de fumar. As reuni\u00f5es acontecem quinzenalmente e incluem rodas de conversa, palestras, din\u00e2micas, atividades f\u00edsicas e terapias.<\/p>\n\n\n\n<p>Nos encontros s\u00e3o abordados diferentes conte\u00fados, como a hist\u00f3ria do tabaco, os primeiros dias sem cigarro, malef\u00edcios que o fumo traz para a sa\u00fade, subst\u00e2ncias qu\u00edmicas presentes no cigarro, t\u00e9cnicas de relaxamento e outras atividades. \u201cN\u00f3s planejamos e executamos tarefas com din\u00e2micas e pr\u00e1ticas corporais para entreter mais os participantes e tornar os encontros mais l\u00fadicos e prazerosos, pois, um dos motivos que levam a pessoa a usar o cigarro \u00e9 o stress\u201d, explica Rafael Sena, diretor do NASF.<\/p>\n\n\n\n<p>Em Monteiro o encerramento de mais um grupo coloca o munic\u00edpio na linha do sucesso, pois cerca de 80% das pessoas que iniciam o tratamento conseguem se livrar do v\u00edcio. Todo o trabalho \u00e9 feito com uma equipe multidisciplinar, que conta m\u00e9dico, psic\u00f3logo, nutricionista, educadores f\u00edsicos e assistente social.\u00a0\u00a0 <\/p>\n\n\n\n<p>Nas UBS todos os participantes utilizam medicamentos antitabagismo, adesivos e gomas de nicotina. O diretor do NASF ainda informa que em junho ser\u00e3o abertas novas vagas para compor novos grupos. Os interessados podem procurar as unidades de sa\u00fade para realizar a inscri\u00e7\u00e3o.<\/p>\n\n\n\n<p>Muito emocionados e agradecendo \u00e0 gest\u00e3o municipal pela oportunidade, os ex-fumantes participaram de uma comemora\u00e7\u00e3o preparada pela equipe do NASF como forma de incentivar a caminhada sem o cigarro.<\/p>\n\n\n\n<p>Dia Mundial Sem Tabaco<\/p>\n\n\n\n<p>Criado em 1987 pela Organiza\u00e7\u00e3o Mundial da Sa\u00fade (OMS), e comemorado anualmente em 31 de maio, o Dia Mundial Sem Tabaco serve como um alerta para todas as doen\u00e7as e mortes relacionadas ao tabagismo.<\/p>\n\n\n\n<p>Segundo a OMS, o tabagismo \u00e9 a principal causa de morte evit\u00e1vel no mundo. Dados do Minist\u00e9rio da Sa\u00fade mostram que o tabagismo \u00e9 respons\u00e1vel por cerca de 200 mil mortes por ano no Brasil.<\/p>\n\n\n\n<p>A nicotina \u00e9 uma das subst\u00e2ncias que mais vicia e \u00e9 a que vicia mais r\u00e1pido. Ela demora de 7 a 15 segundos para chegar ao c\u00e9rebro, mais r\u00e1pido do que a hero\u00edna e a coca\u00edna.<\/p>\n","protected":false},"excerpt":{"rendered":"<p>Parar com o v\u00edcio do consumo de cigarros n\u00e3o \u00e9 uma tarefa f\u00e1cil, por\u00e9m, uma boa not\u00edcia \u00e9 que a Prefeitura de Monteiro, atrav\u00e9s da&hellip; <\/p>\n","protected":false},"author":2,"featured_media":97464,"comment_status":"closed","ping_status":"closed","sticky":false,"template":"","format":"standard","meta":{"sfsi_plus_gutenberg_text_before_share":"","sfsi_plus_gutenberg_show_text_before_share":"","sfsi_plus_gutenberg_icon_type":"","sfsi_plus_gutenberg_icon_alignemt":"","sfsi_plus_gutenburg_max_per_row":"","footnotes":""},"categories":[6,50],"tags":[],"class_list":["post-97462","post","type-post","status-publish","format-standard","has-post-thumbnail","hentry","category-cidades","category-destaque"],"_links":{"self":[{"href":"https:\/\/www.caririemacao.com\/1\/wp-json\/wp\/v2\/posts\/97462","targetHints":{"allow":["GET"]}}],"collection":[{"href":"https:\/\/www.caririemacao.com\/1\/wp-json\/wp\/v2\/posts"}],"about":[{"href":"https:\/\/www.caririemacao.com\/1\/wp-json\/wp\/v2\/types\/post"}],"author":[{"embeddable":true,"href":"https:\/\/www.caririemacao.com\/1\/wp-json\/wp\/v2\/users\/2"}],"replies":[{"embeddable":true,"href":"https:\/\/www.caririemacao.com\/1\/wp-json\/wp\/v2\/comments?post=97462"}],"version-history":[{"count":1,"href":"https:\/\/www.caririemacao.com\/1\/wp-json\/wp\/v2\/posts\/97462\/revisions"}],"predecessor-version":[{"id":97465,"href":"https:\/\/www.caririemacao.com\/1\/wp-json\/wp\/v2\/posts\/97462\/revisions\/97465"}],"wp:featuredmedia":[{"embeddable":true,"href":"https:\/\/www.caririemacao.com\/1\/wp-json\/wp\/v2\/media\/97464"}],"wp:attachment":[{"href":"https:\/\/www.caririemacao.com\/1\/wp-json\/wp\/v2\/media?parent=97462"}],"wp:term":[{"taxonomy":"category","embeddable":true,"href":"https:\/\/www.caririemacao.com\/1\/wp-json\/wp\/v2\/categories?post=97462"},{"taxonomy":"post_tag","embeddable":true,"href":"https:\/\/www.caririemacao.com\/1\/wp-json\/wp\/v2\/tags?post=97462"}],"curies":[{"name":"wp","href":"https:\/\/api.w.org\/{rel}","templated":true}]}}