{"id":97472,"date":"2019-05-31T11:38:42","date_gmt":"2019-05-31T14:38:42","guid":{"rendered":"http:\/\/www.caririemacao.com\/1\/?p=97472"},"modified":"2019-05-31T11:38:42","modified_gmt":"2019-05-31T14:38:42","slug":"ciclista-tem-bike-furtada-dentro-de-sua-casa-em-monteiro","status":"publish","type":"post","link":"https:\/\/www.caririemacao.com\/1\/2019\/05\/31\/ciclista-tem-bike-furtada-dentro-de-sua-casa-em-monteiro\/","title":{"rendered":"Ciclista tem Bike furtada dentro de sua casa em Monteiro"},"content":{"rendered":"\n<p>Uma ciclista teve sua bicicleta furtada de dentro de sua resid\u00eancia na tarde desta quinta-feira (30), no bairro Alto da Serra, em&nbsp;Monteiro no Cariri.<\/p>\n\n\n\n<p>Segundo informa\u00e7\u00f5es, a v\u00edtima havia sa\u00eddo para trabalhar no per\u00edodo da tarde, ao retornar para resid\u00eancia percebeu a falta de sua bike.<\/p>\n\n\n\n<p>Com OPIPOCO<\/p>\n","protected":false},"excerpt":{"rendered":"<p>Uma ciclista teve sua bicicleta furtada de dentro de sua resid\u00eancia na tarde desta quinta-feira (30), no bairro Alto da Serra, em&nbsp;Monteiro no Cariri. Segundo&hellip; <\/p>\n","protected":false},"author":1,"featured_media":97474,"comment_status":"closed","ping_status":"closed","sticky":false,"template":"","format":"standard","meta":{"sfsi_plus_gutenberg_text_before_share":"","sfsi_plus_gutenberg_show_text_before_share":"","sfsi_plus_gutenberg_icon_type":"","sfsi_plus_gutenberg_icon_alignemt":"","sfsi_plus_gutenburg_max_per_row":"","footnotes":""},"categories":[50,12],"tags":[],"class_list":["post-97472","post","type-post","status-publish","format-standard","has-post-thumbnail","hentry","category-destaque","category-policia"],"_links":{"self":[{"href":"https:\/\/www.caririemacao.com\/1\/wp-json\/wp\/v2\/posts\/97472","targetHints":{"allow":["GET"]}}],"collection":[{"href":"https:\/\/www.caririemacao.com\/1\/wp-json\/wp\/v2\/posts"}],"about":[{"href":"https:\/\/www.caririemacao.com\/1\/wp-json\/wp\/v2\/types\/post"}],"author":[{"embeddable":true,"href":"https:\/\/www.caririemacao.com\/1\/wp-json\/wp\/v2\/users\/1"}],"replies":[{"embeddable":true,"href":"https:\/\/www.caririemacao.com\/1\/wp-json\/wp\/v2\/comments?post=97472"}],"version-history":[{"count":1,"href":"https:\/\/www.caririemacao.com\/1\/wp-json\/wp\/v2\/posts\/97472\/revisions"}],"predecessor-version":[{"id":97475,"href":"https:\/\/www.caririemacao.com\/1\/wp-json\/wp\/v2\/posts\/97472\/revisions\/97475"}],"wp:featuredmedia":[{"embeddable":true,"href":"https:\/\/www.caririemacao.com\/1\/wp-json\/wp\/v2\/media\/97474"}],"wp:attachment":[{"href":"https:\/\/www.caririemacao.com\/1\/wp-json\/wp\/v2\/media?parent=97472"}],"wp:term":[{"taxonomy":"category","embeddable":true,"href":"https:\/\/www.caririemacao.com\/1\/wp-json\/wp\/v2\/categories?post=97472"},{"taxonomy":"post_tag","embeddable":true,"href":"https:\/\/www.caririemacao.com\/1\/wp-json\/wp\/v2\/tags?post=97472"}],"curies":[{"name":"wp","href":"https:\/\/api.w.org\/{rel}","templated":true}]}}