{"id":97478,"date":"2019-05-31T11:40:53","date_gmt":"2019-05-31T14:40:53","guid":{"rendered":"http:\/\/www.caririemacao.com\/1\/?p=97478"},"modified":"2019-05-31T11:40:53","modified_gmt":"2019-05-31T14:40:53","slug":"em-sao-joao-do-tigre-saude-intensifica-campanha-de-conscientizacao-e-combate-ao-mosquito-da-dengue","status":"publish","type":"post","link":"https:\/\/www.caririemacao.com\/1\/2019\/05\/31\/em-sao-joao-do-tigre-saude-intensifica-campanha-de-conscientizacao-e-combate-ao-mosquito-da-dengue\/","title":{"rendered":"Em S\u00e3o Jo\u00e3o do Tigre: Sa\u00fade intensifica campanha de conscientiza\u00e7\u00e3o e combate ao mosquito da dengue"},"content":{"rendered":"\n<p>O Governo Municipal de S\u00e3o Jo\u00e3o do Tigre, por meio da Secretaria de Sa\u00fade, realizou nos \u00faltimos dias uma intensa campanha de conscientiza\u00e7\u00e3o e combate ao mosquito Aedes aegypti. As a\u00e7\u00f5es de preven\u00e7\u00e3o t\u00eam como objetivo mobilizar toda a popula\u00e7\u00e3o e reduzir as chances de prolifera\u00e7\u00e3o do mosquito transmissor.<\/p>\n\n\n\n<p>A Secret\u00e1ria Municipal de Sa\u00fade, Maria Jos\u00e9, destacou a import\u00e2ncia de cada cidad\u00e3o fazer sua parte e orientou a popula\u00e7\u00e3o Tigrense a ter cuidados b\u00e1sicos, evitando assim a prolifera\u00e7\u00e3o do mosquito transmissor da dengue. \u201cOs agentes de endemias est\u00e3o nas ruas vistoriando. Contudo, a popula\u00e7\u00e3o pode contribuir realizando vigil\u00e2ncia semanalmente nas suas pr\u00f3prias casas\u201d, disse a secret\u00e1ria.<\/p>\n\n\n\n<p>Al\u00e9m da sede, as a\u00e7\u00f5es est\u00e3o sendo desenvolvidas nos distritos de Cacimbinha e Santa Maria. A campanha envolve as equipes do PSF II, N\u00facleo de Apoio \u00e0 Sa\u00fade da Fam\u00edlia (NASF), Vigil\u00e2ncia Sanit\u00e1ria, Vigil\u00e2ncia Ambiental, Sa\u00fade Bucal, dentre outros.<\/p>\n","protected":false},"excerpt":{"rendered":"<p>O Governo Municipal de S\u00e3o Jo\u00e3o do Tigre, por meio da Secretaria de Sa\u00fade, realizou nos \u00faltimos dias uma intensa campanha de conscientiza\u00e7\u00e3o e combate&hellip; <\/p>\n","protected":false},"author":1,"featured_media":97479,"comment_status":"closed","ping_status":"closed","sticky":false,"template":"","format":"standard","meta":{"sfsi_plus_gutenberg_text_before_share":"","sfsi_plus_gutenberg_show_text_before_share":"","sfsi_plus_gutenberg_icon_type":"","sfsi_plus_gutenberg_icon_alignemt":"","sfsi_plus_gutenburg_max_per_row":"","footnotes":""},"categories":[16],"tags":[],"class_list":["post-97478","post","type-post","status-publish","format-standard","has-post-thumbnail","hentry","category-saude"],"_links":{"self":[{"href":"https:\/\/www.caririemacao.com\/1\/wp-json\/wp\/v2\/posts\/97478","targetHints":{"allow":["GET"]}}],"collection":[{"href":"https:\/\/www.caririemacao.com\/1\/wp-json\/wp\/v2\/posts"}],"about":[{"href":"https:\/\/www.caririemacao.com\/1\/wp-json\/wp\/v2\/types\/post"}],"author":[{"embeddable":true,"href":"https:\/\/www.caririemacao.com\/1\/wp-json\/wp\/v2\/users\/1"}],"replies":[{"embeddable":true,"href":"https:\/\/www.caririemacao.com\/1\/wp-json\/wp\/v2\/comments?post=97478"}],"version-history":[{"count":1,"href":"https:\/\/www.caririemacao.com\/1\/wp-json\/wp\/v2\/posts\/97478\/revisions"}],"predecessor-version":[{"id":97480,"href":"https:\/\/www.caririemacao.com\/1\/wp-json\/wp\/v2\/posts\/97478\/revisions\/97480"}],"wp:featuredmedia":[{"embeddable":true,"href":"https:\/\/www.caririemacao.com\/1\/wp-json\/wp\/v2\/media\/97479"}],"wp:attachment":[{"href":"https:\/\/www.caririemacao.com\/1\/wp-json\/wp\/v2\/media?parent=97478"}],"wp:term":[{"taxonomy":"category","embeddable":true,"href":"https:\/\/www.caririemacao.com\/1\/wp-json\/wp\/v2\/categories?post=97478"},{"taxonomy":"post_tag","embeddable":true,"href":"https:\/\/www.caririemacao.com\/1\/wp-json\/wp\/v2\/tags?post=97478"}],"curies":[{"name":"wp","href":"https:\/\/api.w.org\/{rel}","templated":true}]}}