{"id":97484,"date":"2019-05-31T11:42:34","date_gmt":"2019-05-31T14:42:34","guid":{"rendered":"http:\/\/www.caririemacao.com\/1\/?p=97484"},"modified":"2019-05-31T11:42:34","modified_gmt":"2019-05-31T14:42:34","slug":"prefeitura-de-sume-abre-processo-seletivo-para-professor-de-educacao-fisica","status":"publish","type":"post","link":"https:\/\/www.caririemacao.com\/1\/2019\/05\/31\/prefeitura-de-sume-abre-processo-seletivo-para-professor-de-educacao-fisica\/","title":{"rendered":"Prefeitura de Sum\u00e9 abre Processo Seletivo para Professor de Educa\u00e7\u00e3o F\u00edsica"},"content":{"rendered":"\n<p>Na pr\u00f3xima segunda-feira, 03, a Prefeitura de Sum\u00e9, abre inscri\u00e7\u00f5es para Processo Seletivo de professor de Educa\u00e7\u00e3o F\u00edsica.As inscri\u00e7\u00f5es v\u00e3o at\u00e9 a ter\u00e7a-feira, 04, e devem ser feitas na Secretaria de Educa\u00e7\u00e3o, das 08h \u00e0s 14h.A inscri\u00e7\u00e3o do candidato se far\u00e1 mediante entrega do curr\u00edculo acompanhado da documenta\u00e7\u00e3o comprobat\u00f3ria, que ser\u00e1 devidamente autenticada pela comiss\u00e3o.O processo de sele\u00e7\u00e3o ser\u00e1 constitu\u00eddo de etapa \u00fanica (car\u00e1ter eliminat\u00f3rio e classificat\u00f3rio) \u2013 An\u00e1lise Curricular.O Edital com todas as informa\u00e7\u00f5es encontra-se no Boletim Oficial do Munic\u00edpio do dia 31\/05\/2019.Confira:&nbsp;<a href=\"http:\/\/www.sume.pb.gov.br\/wp-content\/uploads\/2019\/05\/EDITAL-DE-LAN%C3%87AMENTO-PSS-10.2019-PROFESSOR-DE-EDCU%C3%87%C3%83O-F%C3%8DSICA.pdf\">EDITAL DE LAN\u00c7AMENTO \u2013 PSS 10.2019 \u2013 PROFESSOR DE EDCU\u00c7\u00c3O F\u00cdSICA<\/a><br><\/p>\n","protected":false},"excerpt":{"rendered":"<p>Na pr\u00f3xima segunda-feira, 03, a Prefeitura de Sum\u00e9, abre inscri\u00e7\u00f5es para Processo Seletivo de professor de Educa\u00e7\u00e3o F\u00edsica.As inscri\u00e7\u00f5es v\u00e3o at\u00e9 a ter\u00e7a-feira, 04, e&hellip; <\/p>\n","protected":false},"author":1,"featured_media":97485,"comment_status":"closed","ping_status":"closed","sticky":false,"template":"","format":"standard","meta":{"sfsi_plus_gutenberg_text_before_share":"","sfsi_plus_gutenberg_show_text_before_share":"","sfsi_plus_gutenberg_icon_type":"","sfsi_plus_gutenberg_icon_alignemt":"","sfsi_plus_gutenburg_max_per_row":"","footnotes":""},"categories":[50,2],"tags":[],"class_list":["post-97484","post","type-post","status-publish","format-standard","has-post-thumbnail","hentry","category-destaque","category-geral"],"_links":{"self":[{"href":"https:\/\/www.caririemacao.com\/1\/wp-json\/wp\/v2\/posts\/97484","targetHints":{"allow":["GET"]}}],"collection":[{"href":"https:\/\/www.caririemacao.com\/1\/wp-json\/wp\/v2\/posts"}],"about":[{"href":"https:\/\/www.caririemacao.com\/1\/wp-json\/wp\/v2\/types\/post"}],"author":[{"embeddable":true,"href":"https:\/\/www.caririemacao.com\/1\/wp-json\/wp\/v2\/users\/1"}],"replies":[{"embeddable":true,"href":"https:\/\/www.caririemacao.com\/1\/wp-json\/wp\/v2\/comments?post=97484"}],"version-history":[{"count":1,"href":"https:\/\/www.caririemacao.com\/1\/wp-json\/wp\/v2\/posts\/97484\/revisions"}],"predecessor-version":[{"id":97486,"href":"https:\/\/www.caririemacao.com\/1\/wp-json\/wp\/v2\/posts\/97484\/revisions\/97486"}],"wp:featuredmedia":[{"embeddable":true,"href":"https:\/\/www.caririemacao.com\/1\/wp-json\/wp\/v2\/media\/97485"}],"wp:attachment":[{"href":"https:\/\/www.caririemacao.com\/1\/wp-json\/wp\/v2\/media?parent=97484"}],"wp:term":[{"taxonomy":"category","embeddable":true,"href":"https:\/\/www.caririemacao.com\/1\/wp-json\/wp\/v2\/categories?post=97484"},{"taxonomy":"post_tag","embeddable":true,"href":"https:\/\/www.caririemacao.com\/1\/wp-json\/wp\/v2\/tags?post=97484"}],"curies":[{"name":"wp","href":"https:\/\/api.w.org\/{rel}","templated":true}]}}