{"id":97489,"date":"2019-05-31T11:45:30","date_gmt":"2019-05-31T14:45:30","guid":{"rendered":"http:\/\/www.caririemacao.com\/1\/?p=97489"},"modified":"2019-05-31T11:45:30","modified_gmt":"2019-05-31T14:45:30","slug":"prefeitura-municipal-de-zabele-paga-salarios-de-maio-dentro-do-mes-trabalhado","status":"publish","type":"post","link":"https:\/\/www.caririemacao.com\/1\/2019\/05\/31\/prefeitura-municipal-de-zabele-paga-salarios-de-maio-dentro-do-mes-trabalhado\/","title":{"rendered":"Prefeitura Municipal de Zabel\u00ea paga sal\u00e1rios de Maio dentro do m\u00eas trabalhado"},"content":{"rendered":"\n<p>A prefeitura municipal de Zabel\u00ea pagou nesta quinta feira,(30), os sal\u00e1rios dos servidores municipais referentes ao m\u00eas de Maio.<br>O prefeito Dalyson Neves continua mantendo a pol\u00edtica e o compromisso de pagar os sal\u00e1rios do funcionalismo p\u00fablico rigorosamente em dia, e dentro do m\u00eas trabalhado.<br>\u201cMesmo com as dificuldades que os pequenos munic\u00edpios enfrentam estamos sempre lutando para manter esse nosso compromisso\u201d, confirmou o prefeito.<br><strong>F\u00c1BIO BRITO<\/strong><\/p>\n","protected":false},"excerpt":{"rendered":"<p>A prefeitura municipal de Zabel\u00ea pagou nesta quinta feira,(30), os sal\u00e1rios dos servidores municipais referentes ao m\u00eas de Maio.O prefeito Dalyson Neves continua mantendo a&hellip; <\/p>\n","protected":false},"author":1,"featured_media":97490,"comment_status":"closed","ping_status":"closed","sticky":false,"template":"","format":"standard","meta":{"sfsi_plus_gutenberg_text_before_share":"","sfsi_plus_gutenberg_show_text_before_share":"","sfsi_plus_gutenberg_icon_type":"","sfsi_plus_gutenberg_icon_alignemt":"","sfsi_plus_gutenburg_max_per_row":"","footnotes":""},"categories":[2],"tags":[],"class_list":["post-97489","post","type-post","status-publish","format-standard","has-post-thumbnail","hentry","category-geral"],"_links":{"self":[{"href":"https:\/\/www.caririemacao.com\/1\/wp-json\/wp\/v2\/posts\/97489","targetHints":{"allow":["GET"]}}],"collection":[{"href":"https:\/\/www.caririemacao.com\/1\/wp-json\/wp\/v2\/posts"}],"about":[{"href":"https:\/\/www.caririemacao.com\/1\/wp-json\/wp\/v2\/types\/post"}],"author":[{"embeddable":true,"href":"https:\/\/www.caririemacao.com\/1\/wp-json\/wp\/v2\/users\/1"}],"replies":[{"embeddable":true,"href":"https:\/\/www.caririemacao.com\/1\/wp-json\/wp\/v2\/comments?post=97489"}],"version-history":[{"count":1,"href":"https:\/\/www.caririemacao.com\/1\/wp-json\/wp\/v2\/posts\/97489\/revisions"}],"predecessor-version":[{"id":97491,"href":"https:\/\/www.caririemacao.com\/1\/wp-json\/wp\/v2\/posts\/97489\/revisions\/97491"}],"wp:featuredmedia":[{"embeddable":true,"href":"https:\/\/www.caririemacao.com\/1\/wp-json\/wp\/v2\/media\/97490"}],"wp:attachment":[{"href":"https:\/\/www.caririemacao.com\/1\/wp-json\/wp\/v2\/media?parent=97489"}],"wp:term":[{"taxonomy":"category","embeddable":true,"href":"https:\/\/www.caririemacao.com\/1\/wp-json\/wp\/v2\/categories?post=97489"},{"taxonomy":"post_tag","embeddable":true,"href":"https:\/\/www.caririemacao.com\/1\/wp-json\/wp\/v2\/tags?post=97489"}],"curies":[{"name":"wp","href":"https:\/\/api.w.org\/{rel}","templated":true}]}}